{"id":1,"date":"2020-01-07T17:33:35","date_gmt":"2020-01-07T17:33:35","guid":{"rendered":"https:\/\/www.frauenpodiumgossau-zh.ch\/?p=1"},"modified":"2025-08-22T13:20:28","modified_gmt":"2025-08-22T13:20:28","slug":"hello-world","status":"publish","type":"post","link":"https:\/\/www.frauenpodiumgossau-zh.ch\/index.php\/2020\/01\/07\/hello-world\/","title":{"rendered":"Mitgliederanlass zum Start ins Jubil\u00e4umsjahr"},"content":{"rendered":"\n<p class=\"wp-block-paragraph\">Am  11. Januar 2020 treffen sich interessierte Mitglieder zum gem\u00fctlichen  Brunch in Gossau. Bekannte wiedersehen, auf die fr\u00fcheren Jahre  zur\u00fcckblicken und in die Zukunft schauen. Das alles findet ohne festes  Thema und Programm statt. Das \u00f6ffentliche Jubil\u00e4umsfest folgt ja noch. <\/p>\n\n\n\n<p class=\"wp-block-paragraph\"><\/p>\n","protected":false},"excerpt":{"rendered":"<p>Am 11. Januar 2020 treffen sich interessierte Mitglieder zum gem\u00fctlichen Brunch in Gossau. Bekannte wiedersehen, auf die fr\u00fcheren Jahre zur\u00fcckblicken und in die Zukunft schauen. Das alles findet ohne festes Thema und Programm statt. Das \u00f6ffentliche Jubil\u00e4umsfest folgt ja noch.<\/p>\n","protected":false},"author":1,"featured_media":51,"comment_status":"open","ping_status":"open","sticky":false,"template":"","format":"standard","meta":{"footnotes":""},"categories":[1],"tags":[],"class_list":["post-1","post","type-post","status-publish","format-standard","has-post-thumbnail","hentry","category-veranstaltungen"],"yoast_head":"<!-- This site is optimized with the Yoast SEO plugin v27.7 - https:\/\/yoast.com\/product\/yoast-seo-wordpress\/ -->\n<title>Mitgliederanlass zum Start ins Jubil\u00e4umsjahr - Politisches Frauenpodium Gossau ZH<\/title>\n<meta name=\"robots\" content=\"index, follow, max-snippet:-1, max-image-preview:large, max-video-preview:-1\" \/>\n<link rel=\"canonical\" href=\"https:\/\/www.frauenpodiumgossau-zh.ch\/index.php\/2020\/01\/07\/hello-world\/\" \/>\n<meta property=\"og:locale\" content=\"de_DE\" \/>\n<meta property=\"og:type\" content=\"article\" \/>\n<meta property=\"og:title\" content=\"Mitgliederanlass zum Start ins Jubil\u00e4umsjahr - Politisches Frauenpodium Gossau ZH\" \/>\n<meta property=\"og:description\" content=\"Am 11. Januar 2020 treffen sich interessierte Mitglieder zum gem\u00fctlichen Brunch in Gossau. Bekannte wiedersehen, auf die fr\u00fcheren Jahre zur\u00fcckblicken und in die Zukunft schauen. Das alles findet ohne festes Thema und Programm statt. Das \u00f6ffentliche Jubil\u00e4umsfest folgt ja noch.\" \/>\n<meta property=\"og:url\" content=\"https:\/\/www.frauenpodiumgossau-zh.ch\/index.php\/2020\/01\/07\/hello-world\/\" \/>\n<meta property=\"og:site_name\" content=\"Politisches Frauenpodium Gossau ZH\" \/>\n<meta property=\"article:published_time\" content=\"2020-01-07T17:33:35+00:00\" \/>\n<meta property=\"article:modified_time\" content=\"2025-08-22T13:20:28+00:00\" \/>\n<meta property=\"og:image\" content=\"https:\/\/www.frauenpodiumgossau-zh.ch\/wp-content\/uploads\/2020\/01\/2019-01-P1000113-GossauZH-Chapfh\u00fcsli-scaled.jpg\" \/>\n\t<meta property=\"og:image:width\" content=\"2560\" \/>\n\t<meta property=\"og:image:height\" content=\"1920\" \/>\n\t<meta property=\"og:image:type\" content=\"image\/jpeg\" \/>\n<meta name=\"author\" content=\"admin\" \/>\n<meta name=\"twitter:card\" content=\"summary_large_image\" \/>\n<meta name=\"twitter:label1\" content=\"Verfasst von\" \/>\n\t<meta name=\"twitter:data1\" content=\"\" \/>\n<script type=\"application\/ld+json\" class=\"yoast-schema-graph\">{\"@context\":\"https:\\\/\\\/schema.org\",\"@graph\":[{\"@type\":\"Article\",\"@id\":\"https:\\\/\\\/www.frauenpodiumgossau-zh.ch\\\/index.php\\\/2020\\\/01\\\/07\\\/hello-world\\\/#article\",\"isPartOf\":{\"@id\":\"https:\\\/\\\/www.frauenpodiumgossau-zh.ch\\\/index.php\\\/2020\\\/01\\\/07\\\/hello-world\\\/\"},\"author\":{\"name\":\"admin\",\"@id\":\"https:\\\/\\\/www.frauenpodiumgossau-zh.ch\\\/#\\\/schema\\\/person\\\/7e3d71bb4d55ff272302782fa36381b8\"},\"headline\":\"Mitgliederanlass zum Start ins Jubil\u00e4umsjahr\",\"datePublished\":\"2020-01-07T17:33:35+00:00\",\"dateModified\":\"2025-08-22T13:20:28+00:00\",\"mainEntityOfPage\":{\"@id\":\"https:\\\/\\\/www.frauenpodiumgossau-zh.ch\\\/index.php\\\/2020\\\/01\\\/07\\\/hello-world\\\/\"},\"wordCount\":48,\"commentCount\":0,\"publisher\":{\"@id\":\"https:\\\/\\\/www.frauenpodiumgossau-zh.ch\\\/#organization\"},\"image\":{\"@id\":\"https:\\\/\\\/www.frauenpodiumgossau-zh.ch\\\/index.php\\\/2020\\\/01\\\/07\\\/hello-world\\\/#primaryimage\"},\"thumbnailUrl\":\"https:\\\/\\\/www.frauenpodiumgossau-zh.ch\\\/wp-content\\\/uploads\\\/2020\\\/01\\\/2019-01-P1000113-GossauZH-Chapfh\u00fcsli-scaled.jpg\",\"articleSection\":[\"Veranstaltungen\"],\"inLanguage\":\"de\",\"potentialAction\":[{\"@type\":\"CommentAction\",\"name\":\"Comment\",\"target\":[\"https:\\\/\\\/www.frauenpodiumgossau-zh.ch\\\/index.php\\\/2020\\\/01\\\/07\\\/hello-world\\\/#respond\"]}]},{\"@type\":\"WebPage\",\"@id\":\"https:\\\/\\\/www.frauenpodiumgossau-zh.ch\\\/index.php\\\/2020\\\/01\\\/07\\\/hello-world\\\/\",\"url\":\"https:\\\/\\\/www.frauenpodiumgossau-zh.ch\\\/index.php\\\/2020\\\/01\\\/07\\\/hello-world\\\/\",\"name\":\"Mitgliederanlass zum Start ins Jubil\u00e4umsjahr - Politisches Frauenpodium Gossau ZH\",\"isPartOf\":{\"@id\":\"https:\\\/\\\/www.frauenpodiumgossau-zh.ch\\\/#website\"},\"primaryImageOfPage\":{\"@id\":\"https:\\\/\\\/www.frauenpodiumgossau-zh.ch\\\/index.php\\\/2020\\\/01\\\/07\\\/hello-world\\\/#primaryimage\"},\"image\":{\"@id\":\"https:\\\/\\\/www.frauenpodiumgossau-zh.ch\\\/index.php\\\/2020\\\/01\\\/07\\\/hello-world\\\/#primaryimage\"},\"thumbnailUrl\":\"https:\\\/\\\/www.frauenpodiumgossau-zh.ch\\\/wp-content\\\/uploads\\\/2020\\\/01\\\/2019-01-P1000113-GossauZH-Chapfh\u00fcsli-scaled.jpg\",\"datePublished\":\"2020-01-07T17:33:35+00:00\",\"dateModified\":\"2025-08-22T13:20:28+00:00\",\"breadcrumb\":{\"@id\":\"https:\\\/\\\/www.frauenpodiumgossau-zh.ch\\\/index.php\\\/2020\\\/01\\\/07\\\/hello-world\\\/#breadcrumb\"},\"inLanguage\":\"de\",\"potentialAction\":[{\"@type\":\"ReadAction\",\"target\":[\"https:\\\/\\\/www.frauenpodiumgossau-zh.ch\\\/index.php\\\/2020\\\/01\\\/07\\\/hello-world\\\/\"]}]},{\"@type\":\"ImageObject\",\"inLanguage\":\"de\",\"@id\":\"https:\\\/\\\/www.frauenpodiumgossau-zh.ch\\\/index.php\\\/2020\\\/01\\\/07\\\/hello-world\\\/#primaryimage\",\"url\":\"https:\\\/\\\/www.frauenpodiumgossau-zh.ch\\\/wp-content\\\/uploads\\\/2020\\\/01\\\/2019-01-P1000113-GossauZH-Chapfh\u00fcsli-scaled.jpg\",\"contentUrl\":\"https:\\\/\\\/www.frauenpodiumgossau-zh.ch\\\/wp-content\\\/uploads\\\/2020\\\/01\\\/2019-01-P1000113-GossauZH-Chapfh\u00fcsli-scaled.jpg\",\"width\":2560,\"height\":1920},{\"@type\":\"BreadcrumbList\",\"@id\":\"https:\\\/\\\/www.frauenpodiumgossau-zh.ch\\\/index.php\\\/2020\\\/01\\\/07\\\/hello-world\\\/#breadcrumb\",\"itemListElement\":[{\"@type\":\"ListItem\",\"position\":1,\"name\":\"Startseite\",\"item\":\"https:\\\/\\\/www.frauenpodiumgossau-zh.ch\\\/\"},{\"@type\":\"ListItem\",\"position\":2,\"name\":\"Mitgliederanlass zum Start ins Jubil\u00e4umsjahr\"}]},{\"@type\":\"WebSite\",\"@id\":\"https:\\\/\\\/www.frauenpodiumgossau-zh.ch\\\/#website\",\"url\":\"https:\\\/\\\/www.frauenpodiumgossau-zh.ch\\\/\",\"name\":\"Politisches Frauenpodium Gossau ZH\",\"description\":\"Z\u00e4me z Wort cho\",\"publisher\":{\"@id\":\"https:\\\/\\\/www.frauenpodiumgossau-zh.ch\\\/#organization\"},\"potentialAction\":[{\"@type\":\"SearchAction\",\"target\":{\"@type\":\"EntryPoint\",\"urlTemplate\":\"https:\\\/\\\/www.frauenpodiumgossau-zh.ch\\\/?s={search_term_string}\"},\"query-input\":{\"@type\":\"PropertyValueSpecification\",\"valueRequired\":true,\"valueName\":\"search_term_string\"}}],\"inLanguage\":\"de\"},{\"@type\":\"Organization\",\"@id\":\"https:\\\/\\\/www.frauenpodiumgossau-zh.ch\\\/#organization\",\"name\":\"Politisches Frauenpodium Gossau ZH\",\"url\":\"https:\\\/\\\/www.frauenpodiumgossau-zh.ch\\\/\",\"logo\":{\"@type\":\"ImageObject\",\"inLanguage\":\"de\",\"@id\":\"https:\\\/\\\/www.frauenpodiumgossau-zh.ch\\\/#\\\/schema\\\/logo\\\/image\\\/\",\"url\":\"https:\\\/\\\/www.frauenpodiumgossau-zh.ch\\\/wp-content\\\/uploads\\\/2020\\\/01\\\/Frauenpodium-Logo-lila-ohne-Text.jpg\",\"contentUrl\":\"https:\\\/\\\/www.frauenpodiumgossau-zh.ch\\\/wp-content\\\/uploads\\\/2020\\\/01\\\/Frauenpodium-Logo-lila-ohne-Text.jpg\",\"width\":1480,\"height\":1200,\"caption\":\"Politisches Frauenpodium Gossau ZH\"},\"image\":{\"@id\":\"https:\\\/\\\/www.frauenpodiumgossau-zh.ch\\\/#\\\/schema\\\/logo\\\/image\\\/\"}},{\"@type\":\"Person\",\"@id\":\"https:\\\/\\\/www.frauenpodiumgossau-zh.ch\\\/#\\\/schema\\\/person\\\/7e3d71bb4d55ff272302782fa36381b8\",\"name\":\"admin\",\"image\":{\"@type\":\"ImageObject\",\"inLanguage\":\"de\",\"@id\":\"https:\\\/\\\/secure.gravatar.com\\\/avatar\\\/c9ad5a5e75381a98acc7a6f92eeee9d0a51e2541002d70c1dac4691ddb5cab2b?s=96&d=mm&r=g\",\"url\":\"https:\\\/\\\/secure.gravatar.com\\\/avatar\\\/c9ad5a5e75381a98acc7a6f92eeee9d0a51e2541002d70c1dac4691ddb5cab2b?s=96&d=mm&r=g\",\"contentUrl\":\"https:\\\/\\\/secure.gravatar.com\\\/avatar\\\/c9ad5a5e75381a98acc7a6f92eeee9d0a51e2541002d70c1dac4691ddb5cab2b?s=96&d=mm&r=g\",\"caption\":\"admin\"},\"url\":\"https:\\\/\\\/www.frauenpodiumgossau-zh.ch\\\/index.php\\\/author\\\/richard_vvkm1238\\\/\"}]}<\/script>\n<!-- \/ Yoast SEO plugin. -->","yoast_head_json":{"title":"Mitgliederanlass zum Start ins Jubil\u00e4umsjahr - Politisches Frauenpodium Gossau ZH","robots":{"index":"index","follow":"follow","max-snippet":"max-snippet:-1","max-image-preview":"max-image-preview:large","max-video-preview":"max-video-preview:-1"},"canonical":"https:\/\/www.frauenpodiumgossau-zh.ch\/index.php\/2020\/01\/07\/hello-world\/","og_locale":"de_DE","og_type":"article","og_title":"Mitgliederanlass zum Start ins Jubil\u00e4umsjahr - Politisches Frauenpodium Gossau ZH","og_description":"Am 11. Januar 2020 treffen sich interessierte Mitglieder zum gem\u00fctlichen Brunch in Gossau. Bekannte wiedersehen, auf die fr\u00fcheren Jahre zur\u00fcckblicken und in die Zukunft schauen. Das alles findet ohne festes Thema und Programm statt. Das \u00f6ffentliche Jubil\u00e4umsfest folgt ja noch.","og_url":"https:\/\/www.frauenpodiumgossau-zh.ch\/index.php\/2020\/01\/07\/hello-world\/","og_site_name":"Politisches Frauenpodium Gossau ZH","article_published_time":"2020-01-07T17:33:35+00:00","article_modified_time":"2025-08-22T13:20:28+00:00","og_image":[{"width":2560,"height":1920,"url":"https:\/\/www.frauenpodiumgossau-zh.ch\/wp-content\/uploads\/2020\/01\/2019-01-P1000113-GossauZH-Chapfh\u00fcsli-scaled.jpg","type":"image\/jpeg"}],"author":"admin","twitter_card":"summary_large_image","twitter_misc":{"Verfasst von":false},"schema":{"@context":"https:\/\/schema.org","@graph":[{"@type":"Article","@id":"https:\/\/www.frauenpodiumgossau-zh.ch\/index.php\/2020\/01\/07\/hello-world\/#article","isPartOf":{"@id":"https:\/\/www.frauenpodiumgossau-zh.ch\/index.php\/2020\/01\/07\/hello-world\/"},"author":{"name":"admin","@id":"https:\/\/www.frauenpodiumgossau-zh.ch\/#\/schema\/person\/7e3d71bb4d55ff272302782fa36381b8"},"headline":"Mitgliederanlass zum Start ins Jubil\u00e4umsjahr","datePublished":"2020-01-07T17:33:35+00:00","dateModified":"2025-08-22T13:20:28+00:00","mainEntityOfPage":{"@id":"https:\/\/www.frauenpodiumgossau-zh.ch\/index.php\/2020\/01\/07\/hello-world\/"},"wordCount":48,"commentCount":0,"publisher":{"@id":"https:\/\/www.frauenpodiumgossau-zh.ch\/#organization"},"image":{"@id":"https:\/\/www.frauenpodiumgossau-zh.ch\/index.php\/2020\/01\/07\/hello-world\/#primaryimage"},"thumbnailUrl":"https:\/\/www.frauenpodiumgossau-zh.ch\/wp-content\/uploads\/2020\/01\/2019-01-P1000113-GossauZH-Chapfh\u00fcsli-scaled.jpg","articleSection":["Veranstaltungen"],"inLanguage":"de","potentialAction":[{"@type":"CommentAction","name":"Comment","target":["https:\/\/www.frauenpodiumgossau-zh.ch\/index.php\/2020\/01\/07\/hello-world\/#respond"]}]},{"@type":"WebPage","@id":"https:\/\/www.frauenpodiumgossau-zh.ch\/index.php\/2020\/01\/07\/hello-world\/","url":"https:\/\/www.frauenpodiumgossau-zh.ch\/index.php\/2020\/01\/07\/hello-world\/","name":"Mitgliederanlass zum Start ins Jubil\u00e4umsjahr - Politisches Frauenpodium Gossau ZH","isPartOf":{"@id":"https:\/\/www.frauenpodiumgossau-zh.ch\/#website"},"primaryImageOfPage":{"@id":"https:\/\/www.frauenpodiumgossau-zh.ch\/index.php\/2020\/01\/07\/hello-world\/#primaryimage"},"image":{"@id":"https:\/\/www.frauenpodiumgossau-zh.ch\/index.php\/2020\/01\/07\/hello-world\/#primaryimage"},"thumbnailUrl":"https:\/\/www.frauenpodiumgossau-zh.ch\/wp-content\/uploads\/2020\/01\/2019-01-P1000113-GossauZH-Chapfh\u00fcsli-scaled.jpg","datePublished":"2020-01-07T17:33:35+00:00","dateModified":"2025-08-22T13:20:28+00:00","breadcrumb":{"@id":"https:\/\/www.frauenpodiumgossau-zh.ch\/index.php\/2020\/01\/07\/hello-world\/#breadcrumb"},"inLanguage":"de","potentialAction":[{"@type":"ReadAction","target":["https:\/\/www.frauenpodiumgossau-zh.ch\/index.php\/2020\/01\/07\/hello-world\/"]}]},{"@type":"ImageObject","inLanguage":"de","@id":"https:\/\/www.frauenpodiumgossau-zh.ch\/index.php\/2020\/01\/07\/hello-world\/#primaryimage","url":"https:\/\/www.frauenpodiumgossau-zh.ch\/wp-content\/uploads\/2020\/01\/2019-01-P1000113-GossauZH-Chapfh\u00fcsli-scaled.jpg","contentUrl":"https:\/\/www.frauenpodiumgossau-zh.ch\/wp-content\/uploads\/2020\/01\/2019-01-P1000113-GossauZH-Chapfh\u00fcsli-scaled.jpg","width":2560,"height":1920},{"@type":"BreadcrumbList","@id":"https:\/\/www.frauenpodiumgossau-zh.ch\/index.php\/2020\/01\/07\/hello-world\/#breadcrumb","itemListElement":[{"@type":"ListItem","position":1,"name":"Startseite","item":"https:\/\/www.frauenpodiumgossau-zh.ch\/"},{"@type":"ListItem","position":2,"name":"Mitgliederanlass zum Start ins Jubil\u00e4umsjahr"}]},{"@type":"WebSite","@id":"https:\/\/www.frauenpodiumgossau-zh.ch\/#website","url":"https:\/\/www.frauenpodiumgossau-zh.ch\/","name":"Politisches Frauenpodium Gossau ZH","description":"Z\u00e4me z Wort cho","publisher":{"@id":"https:\/\/www.frauenpodiumgossau-zh.ch\/#organization"},"potentialAction":[{"@type":"SearchAction","target":{"@type":"EntryPoint","urlTemplate":"https:\/\/www.frauenpodiumgossau-zh.ch\/?s={search_term_string}"},"query-input":{"@type":"PropertyValueSpecification","valueRequired":true,"valueName":"search_term_string"}}],"inLanguage":"de"},{"@type":"Organization","@id":"https:\/\/www.frauenpodiumgossau-zh.ch\/#organization","name":"Politisches Frauenpodium Gossau ZH","url":"https:\/\/www.frauenpodiumgossau-zh.ch\/","logo":{"@type":"ImageObject","inLanguage":"de","@id":"https:\/\/www.frauenpodiumgossau-zh.ch\/#\/schema\/logo\/image\/","url":"https:\/\/www.frauenpodiumgossau-zh.ch\/wp-content\/uploads\/2020\/01\/Frauenpodium-Logo-lila-ohne-Text.jpg","contentUrl":"https:\/\/www.frauenpodiumgossau-zh.ch\/wp-content\/uploads\/2020\/01\/Frauenpodium-Logo-lila-ohne-Text.jpg","width":1480,"height":1200,"caption":"Politisches Frauenpodium Gossau ZH"},"image":{"@id":"https:\/\/www.frauenpodiumgossau-zh.ch\/#\/schema\/logo\/image\/"}},{"@type":"Person","@id":"https:\/\/www.frauenpodiumgossau-zh.ch\/#\/schema\/person\/7e3d71bb4d55ff272302782fa36381b8","name":"admin","image":{"@type":"ImageObject","inLanguage":"de","@id":"https:\/\/secure.gravatar.com\/avatar\/c9ad5a5e75381a98acc7a6f92eeee9d0a51e2541002d70c1dac4691ddb5cab2b?s=96&d=mm&r=g","url":"https:\/\/secure.gravatar.com\/avatar\/c9ad5a5e75381a98acc7a6f92eeee9d0a51e2541002d70c1dac4691ddb5cab2b?s=96&d=mm&r=g","contentUrl":"https:\/\/secure.gravatar.com\/avatar\/c9ad5a5e75381a98acc7a6f92eeee9d0a51e2541002d70c1dac4691ddb5cab2b?s=96&d=mm&r=g","caption":"admin"},"url":"https:\/\/www.frauenpodiumgossau-zh.ch\/index.php\/author\/richard_vvkm1238\/"}]}},"_links":{"self":[{"href":"https:\/\/www.frauenpodiumgossau-zh.ch\/index.php\/wp-json\/wp\/v2\/posts\/1","targetHints":{"allow":["GET"]}}],"collection":[{"href":"https:\/\/www.frauenpodiumgossau-zh.ch\/index.php\/wp-json\/wp\/v2\/posts"}],"about":[{"href":"https:\/\/www.frauenpodiumgossau-zh.ch\/index.php\/wp-json\/wp\/v2\/types\/post"}],"author":[{"embeddable":true,"href":"https:\/\/www.frauenpodiumgossau-zh.ch\/index.php\/wp-json\/wp\/v2\/users\/1"}],"replies":[{"embeddable":true,"href":"https:\/\/www.frauenpodiumgossau-zh.ch\/index.php\/wp-json\/wp\/v2\/comments?post=1"}],"version-history":[{"count":1,"href":"https:\/\/www.frauenpodiumgossau-zh.ch\/index.php\/wp-json\/wp\/v2\/posts\/1\/revisions"}],"predecessor-version":[{"id":50,"href":"https:\/\/www.frauenpodiumgossau-zh.ch\/index.php\/wp-json\/wp\/v2\/posts\/1\/revisions\/50"}],"wp:featuredmedia":[{"embeddable":true,"href":"https:\/\/www.frauenpodiumgossau-zh.ch\/index.php\/wp-json\/wp\/v2\/media\/51"}],"wp:attachment":[{"href":"https:\/\/www.frauenpodiumgossau-zh.ch\/index.php\/wp-json\/wp\/v2\/media?parent=1"}],"wp:term":[{"taxonomy":"category","embeddable":true,"href":"https:\/\/www.frauenpodiumgossau-zh.ch\/index.php\/wp-json\/wp\/v2\/categories?post=1"},{"taxonomy":"post_tag","embeddable":true,"href":"https:\/\/www.frauenpodiumgossau-zh.ch\/index.php\/wp-json\/wp\/v2\/tags?post=1"}],"curies":[{"name":"wp","href":"https:\/\/api.w.org\/{rel}","templated":true}]}}