{"id":1028,"date":"2025-08-22T10:58:07","date_gmt":"2025-08-22T10:58:07","guid":{"rendered":"https:\/\/www.frauenpodiumgossau-zh.ch\/?p=1028"},"modified":"2025-08-22T13:25:21","modified_gmt":"2025-08-22T13:25:21","slug":"polithoeck-oktober-2025","status":"publish","type":"post","link":"https:\/\/www.frauenpodiumgossau-zh.ch\/index.php\/2025\/08\/22\/polithoeck-oktober-2025\/","title":{"rendered":"Polith\u00f6ck Oktober 2025"},"content":{"rendered":"\n<p class=\"wp-block-paragraph\">Montag, 27. Oktober 2025 um 19.30 Uhr im Sitzungszimmer der AL Arena zu den Gesch\u00e4ften der Gemeindeversammlung vom 17. November 2025.<br><\/p>\n\n\n\n<p class=\"wp-block-paragraph\">Unsere Polith\u00f6cks finden jeweils ein paar Wochen vor der Gemeindeversammlung statt.<\/p>\n\n\n\n<ul class=\"wp-block-list\">\n<li>Wir besprechen die Gesch\u00e4fte, die auf die Stimmberechtigten zukommen.<\/li>\n\n\n\n<li>Wir tauschen Meinungen aus, diskutieren offen und geben gemeinsame Empfehlungen ab.<\/li>\n\n\n\n<li>Jede Stimme z\u00e4hlt \u2013 deine auch!<\/li>\n<\/ul>\n\n\n\n<p class=\"wp-block-paragraph\">Du kannst ganz unverbindlich reinschauen, zuh\u00f6ren oder gleich mitdiskutieren. <strong>Keine Vorkenntnisse n\u00f6tig \u2013 komm einfach vorbei und erlebe Politik in entspannter Atmosph\u00e4re.<\/strong> So bist du bestens vorbereitet und kannst dir eine eigene Meinung f\u00fcr die Gemeindeversammlung bilden.<\/p>\n\n\n\n<p class=\"wp-block-paragraph\">Anmeldung (f\u00fcr bessere Planung) gerne bei Andrea Hadorn-Stuker:<\/p>\n\n\n\n<div class=\"wp-block-buttons is-layout-flex wp-block-buttons-is-layout-flex\">\n<div class=\"wp-block-button\"><a class=\"wp-block-button__link wp-element-button\" href=\"mailto:andrea@hadornweb.ch\">Anmeldung<\/a><\/div>\n<\/div>\n\n\n\n<p class=\"wp-block-paragraph\"><\/p>\n","protected":false},"excerpt":{"rendered":"<p>Montag, 27. Oktober 2025 um 19.30 Uhr im Sitzungszimmer der AL Arena zu den Gesch\u00e4ften der Gemeindeversammlung vom 17. November 2025. Unsere Polith\u00f6cks finden jeweils ein paar Wochen vor der Gemeindeversammlung statt. Du kannst ganz unverbindlich reinschauen, zuh\u00f6ren oder gleich mitdiskutieren. Keine Vorkenntnisse n\u00f6tig \u2013 komm einfach vorbei und erlebe Politik in entspannter Atmosph\u00e4re. So &hellip; <\/p>\n<p class=\"link-more\"><a href=\"https:\/\/www.frauenpodiumgossau-zh.ch\/index.php\/2025\/08\/22\/polithoeck-oktober-2025\/\" class=\"more-link\"><span class=\"screen-reader-text\">\u201ePolith\u00f6ck Oktober 2025\u201c <\/span>weiterlesen<\/a><\/p>\n","protected":false},"author":1,"featured_media":0,"comment_status":"closed","ping_status":"open","sticky":false,"template":"","format":"standard","meta":{"footnotes":""},"categories":[1],"tags":[],"class_list":["post-1028","post","type-post","status-publish","format-standard","hentry","category-veranstaltungen"],"yoast_head":"<!-- This site is optimized with the Yoast SEO plugin v27.7 - https:\/\/yoast.com\/product\/yoast-seo-wordpress\/ -->\n<title>Polith\u00f6ck Oktober 2025 - Politisches Frauenpodium Gossau ZH<\/title>\n<meta name=\"robots\" content=\"index, follow, max-snippet:-1, max-image-preview:large, max-video-preview:-1\" \/>\n<link rel=\"canonical\" href=\"https:\/\/www.frauenpodiumgossau-zh.ch\/index.php\/2025\/08\/22\/polithoeck-oktober-2025\/\" \/>\n<meta property=\"og:locale\" content=\"de_DE\" \/>\n<meta property=\"og:type\" content=\"article\" \/>\n<meta property=\"og:title\" content=\"Polith\u00f6ck Oktober 2025 - Politisches Frauenpodium Gossau ZH\" \/>\n<meta property=\"og:description\" content=\"Montag, 27. Oktober 2025 um 19.30 Uhr im Sitzungszimmer der AL Arena zu den Gesch\u00e4ften der Gemeindeversammlung vom 17. November 2025. Unsere Polith\u00f6cks finden jeweils ein paar Wochen vor der Gemeindeversammlung statt. Du kannst ganz unverbindlich reinschauen, zuh\u00f6ren oder gleich mitdiskutieren. Keine Vorkenntnisse n\u00f6tig \u2013 komm einfach vorbei und erlebe Politik in entspannter Atmosph\u00e4re. So &hellip; \u201ePolith\u00f6ck Oktober 2025\u201c weiterlesen\" \/>\n<meta property=\"og:url\" content=\"https:\/\/www.frauenpodiumgossau-zh.ch\/index.php\/2025\/08\/22\/polithoeck-oktober-2025\/\" \/>\n<meta property=\"og:site_name\" content=\"Politisches Frauenpodium Gossau ZH\" \/>\n<meta property=\"article:published_time\" content=\"2025-08-22T10:58:07+00:00\" \/>\n<meta property=\"article:modified_time\" content=\"2025-08-22T13:25:21+00:00\" \/>\n<meta name=\"author\" content=\"admin\" \/>\n<meta name=\"twitter:card\" content=\"summary_large_image\" \/>\n<meta name=\"twitter:label1\" content=\"Verfasst von\" \/>\n\t<meta name=\"twitter:data1\" content=\"\" \/>\n\t<meta name=\"twitter:label2\" content=\"Gesch\u00e4tzte Lesezeit\" \/>\n\t<meta name=\"twitter:data2\" content=\"1\u00a0Minute\" \/>\n<script type=\"application\/ld+json\" class=\"yoast-schema-graph\">{\"@context\":\"https:\\\/\\\/schema.org\",\"@graph\":[{\"@type\":\"Article\",\"@id\":\"https:\\\/\\\/www.frauenpodiumgossau-zh.ch\\\/index.php\\\/2025\\\/08\\\/22\\\/polithoeck-oktober-2025\\\/#article\",\"isPartOf\":{\"@id\":\"https:\\\/\\\/www.frauenpodiumgossau-zh.ch\\\/index.php\\\/2025\\\/08\\\/22\\\/polithoeck-oktober-2025\\\/\"},\"author\":{\"name\":\"admin\",\"@id\":\"https:\\\/\\\/www.frauenpodiumgossau-zh.ch\\\/#\\\/schema\\\/person\\\/7e3d71bb4d55ff272302782fa36381b8\"},\"headline\":\"Polith\u00f6ck Oktober 2025\",\"datePublished\":\"2025-08-22T10:58:07+00:00\",\"dateModified\":\"2025-08-22T13:25:21+00:00\",\"mainEntityOfPage\":{\"@id\":\"https:\\\/\\\/www.frauenpodiumgossau-zh.ch\\\/index.php\\\/2025\\\/08\\\/22\\\/polithoeck-oktober-2025\\\/\"},\"wordCount\":109,\"publisher\":{\"@id\":\"https:\\\/\\\/www.frauenpodiumgossau-zh.ch\\\/#organization\"},\"articleSection\":[\"Veranstaltungen\"],\"inLanguage\":\"de\"},{\"@type\":\"WebPage\",\"@id\":\"https:\\\/\\\/www.frauenpodiumgossau-zh.ch\\\/index.php\\\/2025\\\/08\\\/22\\\/polithoeck-oktober-2025\\\/\",\"url\":\"https:\\\/\\\/www.frauenpodiumgossau-zh.ch\\\/index.php\\\/2025\\\/08\\\/22\\\/polithoeck-oktober-2025\\\/\",\"name\":\"Polith\u00f6ck Oktober 2025 - Politisches Frauenpodium Gossau ZH\",\"isPartOf\":{\"@id\":\"https:\\\/\\\/www.frauenpodiumgossau-zh.ch\\\/#website\"},\"datePublished\":\"2025-08-22T10:58:07+00:00\",\"dateModified\":\"2025-08-22T13:25:21+00:00\",\"breadcrumb\":{\"@id\":\"https:\\\/\\\/www.frauenpodiumgossau-zh.ch\\\/index.php\\\/2025\\\/08\\\/22\\\/polithoeck-oktober-2025\\\/#breadcrumb\"},\"inLanguage\":\"de\",\"potentialAction\":[{\"@type\":\"ReadAction\",\"target\":[\"https:\\\/\\\/www.frauenpodiumgossau-zh.ch\\\/index.php\\\/2025\\\/08\\\/22\\\/polithoeck-oktober-2025\\\/\"]}]},{\"@type\":\"BreadcrumbList\",\"@id\":\"https:\\\/\\\/www.frauenpodiumgossau-zh.ch\\\/index.php\\\/2025\\\/08\\\/22\\\/polithoeck-oktober-2025\\\/#breadcrumb\",\"itemListElement\":[{\"@type\":\"ListItem\",\"position\":1,\"name\":\"Startseite\",\"item\":\"https:\\\/\\\/www.frauenpodiumgossau-zh.ch\\\/\"},{\"@type\":\"ListItem\",\"position\":2,\"name\":\"Polith\u00f6ck Oktober 2025\"}]},{\"@type\":\"WebSite\",\"@id\":\"https:\\\/\\\/www.frauenpodiumgossau-zh.ch\\\/#website\",\"url\":\"https:\\\/\\\/www.frauenpodiumgossau-zh.ch\\\/\",\"name\":\"Politisches Frauenpodium Gossau ZH\",\"description\":\"Z\u00e4me z Wort cho\",\"publisher\":{\"@id\":\"https:\\\/\\\/www.frauenpodiumgossau-zh.ch\\\/#organization\"},\"potentialAction\":[{\"@type\":\"SearchAction\",\"target\":{\"@type\":\"EntryPoint\",\"urlTemplate\":\"https:\\\/\\\/www.frauenpodiumgossau-zh.ch\\\/?s={search_term_string}\"},\"query-input\":{\"@type\":\"PropertyValueSpecification\",\"valueRequired\":true,\"valueName\":\"search_term_string\"}}],\"inLanguage\":\"de\"},{\"@type\":\"Organization\",\"@id\":\"https:\\\/\\\/www.frauenpodiumgossau-zh.ch\\\/#organization\",\"name\":\"Politisches Frauenpodium Gossau ZH\",\"url\":\"https:\\\/\\\/www.frauenpodiumgossau-zh.ch\\\/\",\"logo\":{\"@type\":\"ImageObject\",\"inLanguage\":\"de\",\"@id\":\"https:\\\/\\\/www.frauenpodiumgossau-zh.ch\\\/#\\\/schema\\\/logo\\\/image\\\/\",\"url\":\"https:\\\/\\\/www.frauenpodiumgossau-zh.ch\\\/wp-content\\\/uploads\\\/2020\\\/01\\\/Frauenpodium-Logo-lila-ohne-Text.jpg\",\"contentUrl\":\"https:\\\/\\\/www.frauenpodiumgossau-zh.ch\\\/wp-content\\\/uploads\\\/2020\\\/01\\\/Frauenpodium-Logo-lila-ohne-Text.jpg\",\"width\":1480,\"height\":1200,\"caption\":\"Politisches Frauenpodium Gossau ZH\"},\"image\":{\"@id\":\"https:\\\/\\\/www.frauenpodiumgossau-zh.ch\\\/#\\\/schema\\\/logo\\\/image\\\/\"}},{\"@type\":\"Person\",\"@id\":\"https:\\\/\\\/www.frauenpodiumgossau-zh.ch\\\/#\\\/schema\\\/person\\\/7e3d71bb4d55ff272302782fa36381b8\",\"name\":\"admin\",\"image\":{\"@type\":\"ImageObject\",\"inLanguage\":\"de\",\"@id\":\"https:\\\/\\\/secure.gravatar.com\\\/avatar\\\/c9ad5a5e75381a98acc7a6f92eeee9d0a51e2541002d70c1dac4691ddb5cab2b?s=96&d=mm&r=g\",\"url\":\"https:\\\/\\\/secure.gravatar.com\\\/avatar\\\/c9ad5a5e75381a98acc7a6f92eeee9d0a51e2541002d70c1dac4691ddb5cab2b?s=96&d=mm&r=g\",\"contentUrl\":\"https:\\\/\\\/secure.gravatar.com\\\/avatar\\\/c9ad5a5e75381a98acc7a6f92eeee9d0a51e2541002d70c1dac4691ddb5cab2b?s=96&d=mm&r=g\",\"caption\":\"admin\"},\"url\":\"https:\\\/\\\/www.frauenpodiumgossau-zh.ch\\\/index.php\\\/author\\\/richard_vvkm1238\\\/\"}]}<\/script>\n<!-- \/ Yoast SEO plugin. -->","yoast_head_json":{"title":"Polith\u00f6ck Oktober 2025 - Politisches Frauenpodium Gossau ZH","robots":{"index":"index","follow":"follow","max-snippet":"max-snippet:-1","max-image-preview":"max-image-preview:large","max-video-preview":"max-video-preview:-1"},"canonical":"https:\/\/www.frauenpodiumgossau-zh.ch\/index.php\/2025\/08\/22\/polithoeck-oktober-2025\/","og_locale":"de_DE","og_type":"article","og_title":"Polith\u00f6ck Oktober 2025 - Politisches Frauenpodium Gossau ZH","og_description":"Montag, 27. Oktober 2025 um 19.30 Uhr im Sitzungszimmer der AL Arena zu den Gesch\u00e4ften der Gemeindeversammlung vom 17. November 2025. Unsere Polith\u00f6cks finden jeweils ein paar Wochen vor der Gemeindeversammlung statt. Du kannst ganz unverbindlich reinschauen, zuh\u00f6ren oder gleich mitdiskutieren. Keine Vorkenntnisse n\u00f6tig \u2013 komm einfach vorbei und erlebe Politik in entspannter Atmosph\u00e4re. So &hellip; \u201ePolith\u00f6ck Oktober 2025\u201c weiterlesen","og_url":"https:\/\/www.frauenpodiumgossau-zh.ch\/index.php\/2025\/08\/22\/polithoeck-oktober-2025\/","og_site_name":"Politisches Frauenpodium Gossau ZH","article_published_time":"2025-08-22T10:58:07+00:00","article_modified_time":"2025-08-22T13:25:21+00:00","author":"admin","twitter_card":"summary_large_image","twitter_misc":{"Verfasst von":false,"Gesch\u00e4tzte Lesezeit":"1\u00a0Minute"},"schema":{"@context":"https:\/\/schema.org","@graph":[{"@type":"Article","@id":"https:\/\/www.frauenpodiumgossau-zh.ch\/index.php\/2025\/08\/22\/polithoeck-oktober-2025\/#article","isPartOf":{"@id":"https:\/\/www.frauenpodiumgossau-zh.ch\/index.php\/2025\/08\/22\/polithoeck-oktober-2025\/"},"author":{"name":"admin","@id":"https:\/\/www.frauenpodiumgossau-zh.ch\/#\/schema\/person\/7e3d71bb4d55ff272302782fa36381b8"},"headline":"Polith\u00f6ck Oktober 2025","datePublished":"2025-08-22T10:58:07+00:00","dateModified":"2025-08-22T13:25:21+00:00","mainEntityOfPage":{"@id":"https:\/\/www.frauenpodiumgossau-zh.ch\/index.php\/2025\/08\/22\/polithoeck-oktober-2025\/"},"wordCount":109,"publisher":{"@id":"https:\/\/www.frauenpodiumgossau-zh.ch\/#organization"},"articleSection":["Veranstaltungen"],"inLanguage":"de"},{"@type":"WebPage","@id":"https:\/\/www.frauenpodiumgossau-zh.ch\/index.php\/2025\/08\/22\/polithoeck-oktober-2025\/","url":"https:\/\/www.frauenpodiumgossau-zh.ch\/index.php\/2025\/08\/22\/polithoeck-oktober-2025\/","name":"Polith\u00f6ck Oktober 2025 - Politisches Frauenpodium Gossau ZH","isPartOf":{"@id":"https:\/\/www.frauenpodiumgossau-zh.ch\/#website"},"datePublished":"2025-08-22T10:58:07+00:00","dateModified":"2025-08-22T13:25:21+00:00","breadcrumb":{"@id":"https:\/\/www.frauenpodiumgossau-zh.ch\/index.php\/2025\/08\/22\/polithoeck-oktober-2025\/#breadcrumb"},"inLanguage":"de","potentialAction":[{"@type":"ReadAction","target":["https:\/\/www.frauenpodiumgossau-zh.ch\/index.php\/2025\/08\/22\/polithoeck-oktober-2025\/"]}]},{"@type":"BreadcrumbList","@id":"https:\/\/www.frauenpodiumgossau-zh.ch\/index.php\/2025\/08\/22\/polithoeck-oktober-2025\/#breadcrumb","itemListElement":[{"@type":"ListItem","position":1,"name":"Startseite","item":"https:\/\/www.frauenpodiumgossau-zh.ch\/"},{"@type":"ListItem","position":2,"name":"Polith\u00f6ck Oktober 2025"}]},{"@type":"WebSite","@id":"https:\/\/www.frauenpodiumgossau-zh.ch\/#website","url":"https:\/\/www.frauenpodiumgossau-zh.ch\/","name":"Politisches Frauenpodium Gossau ZH","description":"Z\u00e4me z Wort cho","publisher":{"@id":"https:\/\/www.frauenpodiumgossau-zh.ch\/#organization"},"potentialAction":[{"@type":"SearchAction","target":{"@type":"EntryPoint","urlTemplate":"https:\/\/www.frauenpodiumgossau-zh.ch\/?s={search_term_string}"},"query-input":{"@type":"PropertyValueSpecification","valueRequired":true,"valueName":"search_term_string"}}],"inLanguage":"de"},{"@type":"Organization","@id":"https:\/\/www.frauenpodiumgossau-zh.ch\/#organization","name":"Politisches Frauenpodium Gossau ZH","url":"https:\/\/www.frauenpodiumgossau-zh.ch\/","logo":{"@type":"ImageObject","inLanguage":"de","@id":"https:\/\/www.frauenpodiumgossau-zh.ch\/#\/schema\/logo\/image\/","url":"https:\/\/www.frauenpodiumgossau-zh.ch\/wp-content\/uploads\/2020\/01\/Frauenpodium-Logo-lila-ohne-Text.jpg","contentUrl":"https:\/\/www.frauenpodiumgossau-zh.ch\/wp-content\/uploads\/2020\/01\/Frauenpodium-Logo-lila-ohne-Text.jpg","width":1480,"height":1200,"caption":"Politisches Frauenpodium Gossau ZH"},"image":{"@id":"https:\/\/www.frauenpodiumgossau-zh.ch\/#\/schema\/logo\/image\/"}},{"@type":"Person","@id":"https:\/\/www.frauenpodiumgossau-zh.ch\/#\/schema\/person\/7e3d71bb4d55ff272302782fa36381b8","name":"admin","image":{"@type":"ImageObject","inLanguage":"de","@id":"https:\/\/secure.gravatar.com\/avatar\/c9ad5a5e75381a98acc7a6f92eeee9d0a51e2541002d70c1dac4691ddb5cab2b?s=96&d=mm&r=g","url":"https:\/\/secure.gravatar.com\/avatar\/c9ad5a5e75381a98acc7a6f92eeee9d0a51e2541002d70c1dac4691ddb5cab2b?s=96&d=mm&r=g","contentUrl":"https:\/\/secure.gravatar.com\/avatar\/c9ad5a5e75381a98acc7a6f92eeee9d0a51e2541002d70c1dac4691ddb5cab2b?s=96&d=mm&r=g","caption":"admin"},"url":"https:\/\/www.frauenpodiumgossau-zh.ch\/index.php\/author\/richard_vvkm1238\/"}]}},"_links":{"self":[{"href":"https:\/\/www.frauenpodiumgossau-zh.ch\/index.php\/wp-json\/wp\/v2\/posts\/1028","targetHints":{"allow":["GET"]}}],"collection":[{"href":"https:\/\/www.frauenpodiumgossau-zh.ch\/index.php\/wp-json\/wp\/v2\/posts"}],"about":[{"href":"https:\/\/www.frauenpodiumgossau-zh.ch\/index.php\/wp-json\/wp\/v2\/types\/post"}],"author":[{"embeddable":true,"href":"https:\/\/www.frauenpodiumgossau-zh.ch\/index.php\/wp-json\/wp\/v2\/users\/1"}],"replies":[{"embeddable":true,"href":"https:\/\/www.frauenpodiumgossau-zh.ch\/index.php\/wp-json\/wp\/v2\/comments?post=1028"}],"version-history":[{"count":5,"href":"https:\/\/www.frauenpodiumgossau-zh.ch\/index.php\/wp-json\/wp\/v2\/posts\/1028\/revisions"}],"predecessor-version":[{"id":1060,"href":"https:\/\/www.frauenpodiumgossau-zh.ch\/index.php\/wp-json\/wp\/v2\/posts\/1028\/revisions\/1060"}],"wp:attachment":[{"href":"https:\/\/www.frauenpodiumgossau-zh.ch\/index.php\/wp-json\/wp\/v2\/media?parent=1028"}],"wp:term":[{"taxonomy":"category","embeddable":true,"href":"https:\/\/www.frauenpodiumgossau-zh.ch\/index.php\/wp-json\/wp\/v2\/categories?post=1028"},{"taxonomy":"post_tag","embeddable":true,"href":"https:\/\/www.frauenpodiumgossau-zh.ch\/index.php\/wp-json\/wp\/v2\/tags?post=1028"}],"curies":[{"name":"wp","href":"https:\/\/api.w.org\/{rel}","templated":true}]}}