{"id":1091,"date":"2025-08-24T15:20:20","date_gmt":"2025-08-24T15:20:20","guid":{"rendered":"https:\/\/www.frauenpodiumgossau-zh.ch\/?p=1091"},"modified":"2025-10-29T15:37:50","modified_gmt":"2025-10-29T15:37:50","slug":"wir-am-neuzuzuegerinnentag-gossau-zh","status":"publish","type":"post","link":"https:\/\/www.frauenpodiumgossau-zh.ch\/index.php\/2025\/08\/24\/wir-am-neuzuzuegerinnentag-gossau-zh\/","title":{"rendered":"Wir am Neuzuz\u00fcger*innentag Gossau ZH"},"content":{"rendered":"\n<p class=\"wp-block-paragraph\">Am diesj\u00e4hrigen Neuzuz\u00fcger*innentag, vom 23. August 2025, waren wir mit einem Stand vertreten und haben viele interessierte Frauen aus Gossau und den Wachten kennengelernt. Es war eine sch\u00f6ne Gelegenheit, unseren Verein vorzustellen, ins Gespr\u00e4ch zu kommen und zu zeigen, wie vielf\u00e4ltig Frauen sich bei uns einbringen k\u00f6nnen \u2013 ob politisch interessiert oder einfach neugierig.<\/p>\n\n\n\n<p class=\"wp-block-paragraph\">Ein herzliches Dankesch\u00f6n an alle, die vorbeigeschaut, Fragen gestellt und Interesse gezeigt haben. Wir freuen uns, einige von euch vielleicht bald an einem unserer n\u00e4chsten Anl\u00e4sse wiederzusehen!<\/p>\n\n\n\n<figure class=\"wp-block-image size-large\"><img loading=\"lazy\" decoding=\"async\" width=\"1024\" height=\"684\" src=\"https:\/\/www.frauenpodiumgossau-zh.ch\/wp-content\/uploads\/2025\/10\/2025_Stand-PFP_Neuzuzuegertag-1024x684.jpg\" alt=\"\" class=\"wp-image-1092\" srcset=\"https:\/\/www.frauenpodiumgossau-zh.ch\/wp-content\/uploads\/2025\/10\/2025_Stand-PFP_Neuzuzuegertag-1024x684.jpg 1024w, https:\/\/www.frauenpodiumgossau-zh.ch\/wp-content\/uploads\/2025\/10\/2025_Stand-PFP_Neuzuzuegertag-300x200.jpg 300w, https:\/\/www.frauenpodiumgossau-zh.ch\/wp-content\/uploads\/2025\/10\/2025_Stand-PFP_Neuzuzuegertag-768x513.jpg 768w, https:\/\/www.frauenpodiumgossau-zh.ch\/wp-content\/uploads\/2025\/10\/2025_Stand-PFP_Neuzuzuegertag-1536x1025.jpg 1536w, https:\/\/www.frauenpodiumgossau-zh.ch\/wp-content\/uploads\/2025\/10\/2025_Stand-PFP_Neuzuzuegertag.jpg 2000w\" sizes=\"auto, (max-width: 767px) 89vw, (max-width: 1000px) 54vw, (max-width: 1071px) 543px, 580px\" \/><figcaption class=\"wp-element-caption\">Foto: Jay Menzi. An unserem Stand auch anwesend, aber nicht auf dem Foto: Sylvia Veraguth Bamert.<\/figcaption><\/figure>\n\n\n\n<p class=\"wp-block-paragraph\"><\/p>\n","protected":false},"excerpt":{"rendered":"<p>Am diesj\u00e4hrigen Neuzuz\u00fcger*innentag, vom 23. August 2025, waren wir mit einem Stand vertreten und haben viele interessierte Frauen aus Gossau und den Wachten kennengelernt. Es war eine sch\u00f6ne Gelegenheit, unseren Verein vorzustellen, ins Gespr\u00e4ch zu kommen und zu zeigen, wie vielf\u00e4ltig Frauen sich bei uns einbringen k\u00f6nnen \u2013 ob politisch interessiert oder einfach neugierig. Ein &hellip; <\/p>\n<p class=\"link-more\"><a href=\"https:\/\/www.frauenpodiumgossau-zh.ch\/index.php\/2025\/08\/24\/wir-am-neuzuzuegerinnentag-gossau-zh\/\" class=\"more-link\"><span class=\"screen-reader-text\">\u201eWir am Neuzuz\u00fcger*innentag Gossau ZH\u201c <\/span>weiterlesen<\/a><\/p>\n","protected":false},"author":1,"featured_media":0,"comment_status":"closed","ping_status":"open","sticky":false,"template":"","format":"standard","meta":{"footnotes":""},"categories":[1],"tags":[],"class_list":["post-1091","post","type-post","status-publish","format-standard","hentry","category-veranstaltungen"],"yoast_head":"<!-- This site is optimized with the Yoast SEO plugin v27.7 - https:\/\/yoast.com\/product\/yoast-seo-wordpress\/ -->\n<title>Wir am Neuzuz\u00fcger*innentag Gossau ZH - Politisches Frauenpodium Gossau ZH<\/title>\n<meta name=\"robots\" content=\"index, follow, max-snippet:-1, max-image-preview:large, max-video-preview:-1\" \/>\n<link rel=\"canonical\" href=\"https:\/\/www.frauenpodiumgossau-zh.ch\/index.php\/2025\/08\/24\/wir-am-neuzuzuegerinnentag-gossau-zh\/\" \/>\n<meta property=\"og:locale\" content=\"de_DE\" \/>\n<meta property=\"og:type\" content=\"article\" \/>\n<meta property=\"og:title\" content=\"Wir am Neuzuz\u00fcger*innentag Gossau ZH - Politisches Frauenpodium Gossau ZH\" \/>\n<meta property=\"og:description\" content=\"Am diesj\u00e4hrigen Neuzuz\u00fcger*innentag, vom 23. August 2025, waren wir mit einem Stand vertreten und haben viele interessierte Frauen aus Gossau und den Wachten kennengelernt. Es war eine sch\u00f6ne Gelegenheit, unseren Verein vorzustellen, ins Gespr\u00e4ch zu kommen und zu zeigen, wie vielf\u00e4ltig Frauen sich bei uns einbringen k\u00f6nnen \u2013 ob politisch interessiert oder einfach neugierig. Ein &hellip; \u201eWir am Neuzuz\u00fcger*innentag Gossau ZH\u201c weiterlesen\" \/>\n<meta property=\"og:url\" content=\"https:\/\/www.frauenpodiumgossau-zh.ch\/index.php\/2025\/08\/24\/wir-am-neuzuzuegerinnentag-gossau-zh\/\" \/>\n<meta property=\"og:site_name\" content=\"Politisches Frauenpodium Gossau ZH\" \/>\n<meta property=\"article:published_time\" content=\"2025-08-24T15:20:20+00:00\" \/>\n<meta property=\"article:modified_time\" content=\"2025-10-29T15:37:50+00:00\" \/>\n<meta property=\"og:image\" content=\"https:\/\/www.frauenpodiumgossau-zh.ch\/wp-content\/uploads\/2025\/10\/2025_Stand-PFP_Neuzuzuegertag.jpg\" \/>\n\t<meta property=\"og:image:width\" content=\"2000\" \/>\n\t<meta property=\"og:image:height\" content=\"1335\" \/>\n\t<meta property=\"og:image:type\" content=\"image\/jpeg\" \/>\n<meta name=\"author\" content=\"admin\" \/>\n<meta name=\"twitter:card\" content=\"summary_large_image\" \/>\n<meta name=\"twitter:label1\" content=\"Verfasst von\" \/>\n\t<meta name=\"twitter:data1\" content=\"\" \/>\n\t<meta name=\"twitter:label2\" content=\"Gesch\u00e4tzte Lesezeit\" \/>\n\t<meta name=\"twitter:data2\" content=\"1\u00a0Minute\" \/>\n<script type=\"application\/ld+json\" class=\"yoast-schema-graph\">{\"@context\":\"https:\\\/\\\/schema.org\",\"@graph\":[{\"@type\":\"Article\",\"@id\":\"https:\\\/\\\/www.frauenpodiumgossau-zh.ch\\\/index.php\\\/2025\\\/08\\\/24\\\/wir-am-neuzuzuegerinnentag-gossau-zh\\\/#article\",\"isPartOf\":{\"@id\":\"https:\\\/\\\/www.frauenpodiumgossau-zh.ch\\\/index.php\\\/2025\\\/08\\\/24\\\/wir-am-neuzuzuegerinnentag-gossau-zh\\\/\"},\"author\":{\"name\":\"admin\",\"@id\":\"https:\\\/\\\/www.frauenpodiumgossau-zh.ch\\\/#\\\/schema\\\/person\\\/7e3d71bb4d55ff272302782fa36381b8\"},\"headline\":\"Wir am Neuzuz\u00fcger*innentag Gossau ZH\",\"datePublished\":\"2025-08-24T15:20:20+00:00\",\"dateModified\":\"2025-10-29T15:37:50+00:00\",\"mainEntityOfPage\":{\"@id\":\"https:\\\/\\\/www.frauenpodiumgossau-zh.ch\\\/index.php\\\/2025\\\/08\\\/24\\\/wir-am-neuzuzuegerinnentag-gossau-zh\\\/\"},\"wordCount\":111,\"publisher\":{\"@id\":\"https:\\\/\\\/www.frauenpodiumgossau-zh.ch\\\/#organization\"},\"image\":{\"@id\":\"https:\\\/\\\/www.frauenpodiumgossau-zh.ch\\\/index.php\\\/2025\\\/08\\\/24\\\/wir-am-neuzuzuegerinnentag-gossau-zh\\\/#primaryimage\"},\"thumbnailUrl\":\"https:\\\/\\\/www.frauenpodiumgossau-zh.ch\\\/wp-content\\\/uploads\\\/2025\\\/10\\\/2025_Stand-PFP_Neuzuzuegertag-1024x684.jpg\",\"articleSection\":[\"Veranstaltungen\"],\"inLanguage\":\"de\"},{\"@type\":\"WebPage\",\"@id\":\"https:\\\/\\\/www.frauenpodiumgossau-zh.ch\\\/index.php\\\/2025\\\/08\\\/24\\\/wir-am-neuzuzuegerinnentag-gossau-zh\\\/\",\"url\":\"https:\\\/\\\/www.frauenpodiumgossau-zh.ch\\\/index.php\\\/2025\\\/08\\\/24\\\/wir-am-neuzuzuegerinnentag-gossau-zh\\\/\",\"name\":\"Wir am Neuzuz\u00fcger*innentag Gossau ZH - Politisches Frauenpodium Gossau ZH\",\"isPartOf\":{\"@id\":\"https:\\\/\\\/www.frauenpodiumgossau-zh.ch\\\/#website\"},\"primaryImageOfPage\":{\"@id\":\"https:\\\/\\\/www.frauenpodiumgossau-zh.ch\\\/index.php\\\/2025\\\/08\\\/24\\\/wir-am-neuzuzuegerinnentag-gossau-zh\\\/#primaryimage\"},\"image\":{\"@id\":\"https:\\\/\\\/www.frauenpodiumgossau-zh.ch\\\/index.php\\\/2025\\\/08\\\/24\\\/wir-am-neuzuzuegerinnentag-gossau-zh\\\/#primaryimage\"},\"thumbnailUrl\":\"https:\\\/\\\/www.frauenpodiumgossau-zh.ch\\\/wp-content\\\/uploads\\\/2025\\\/10\\\/2025_Stand-PFP_Neuzuzuegertag-1024x684.jpg\",\"datePublished\":\"2025-08-24T15:20:20+00:00\",\"dateModified\":\"2025-10-29T15:37:50+00:00\",\"breadcrumb\":{\"@id\":\"https:\\\/\\\/www.frauenpodiumgossau-zh.ch\\\/index.php\\\/2025\\\/08\\\/24\\\/wir-am-neuzuzuegerinnentag-gossau-zh\\\/#breadcrumb\"},\"inLanguage\":\"de\",\"potentialAction\":[{\"@type\":\"ReadAction\",\"target\":[\"https:\\\/\\\/www.frauenpodiumgossau-zh.ch\\\/index.php\\\/2025\\\/08\\\/24\\\/wir-am-neuzuzuegerinnentag-gossau-zh\\\/\"]}]},{\"@type\":\"ImageObject\",\"inLanguage\":\"de\",\"@id\":\"https:\\\/\\\/www.frauenpodiumgossau-zh.ch\\\/index.php\\\/2025\\\/08\\\/24\\\/wir-am-neuzuzuegerinnentag-gossau-zh\\\/#primaryimage\",\"url\":\"https:\\\/\\\/www.frauenpodiumgossau-zh.ch\\\/wp-content\\\/uploads\\\/2025\\\/10\\\/2025_Stand-PFP_Neuzuzuegertag.jpg\",\"contentUrl\":\"https:\\\/\\\/www.frauenpodiumgossau-zh.ch\\\/wp-content\\\/uploads\\\/2025\\\/10\\\/2025_Stand-PFP_Neuzuzuegertag.jpg\",\"width\":2000,\"height\":1335,\"caption\":\"Jay Menzi\"},{\"@type\":\"BreadcrumbList\",\"@id\":\"https:\\\/\\\/www.frauenpodiumgossau-zh.ch\\\/index.php\\\/2025\\\/08\\\/24\\\/wir-am-neuzuzuegerinnentag-gossau-zh\\\/#breadcrumb\",\"itemListElement\":[{\"@type\":\"ListItem\",\"position\":1,\"name\":\"Startseite\",\"item\":\"https:\\\/\\\/www.frauenpodiumgossau-zh.ch\\\/\"},{\"@type\":\"ListItem\",\"position\":2,\"name\":\"Wir am Neuzuz\u00fcger*innentag Gossau ZH\"}]},{\"@type\":\"WebSite\",\"@id\":\"https:\\\/\\\/www.frauenpodiumgossau-zh.ch\\\/#website\",\"url\":\"https:\\\/\\\/www.frauenpodiumgossau-zh.ch\\\/\",\"name\":\"Politisches Frauenpodium Gossau ZH\",\"description\":\"Z\u00e4me z Wort cho\",\"publisher\":{\"@id\":\"https:\\\/\\\/www.frauenpodiumgossau-zh.ch\\\/#organization\"},\"potentialAction\":[{\"@type\":\"SearchAction\",\"target\":{\"@type\":\"EntryPoint\",\"urlTemplate\":\"https:\\\/\\\/www.frauenpodiumgossau-zh.ch\\\/?s={search_term_string}\"},\"query-input\":{\"@type\":\"PropertyValueSpecification\",\"valueRequired\":true,\"valueName\":\"search_term_string\"}}],\"inLanguage\":\"de\"},{\"@type\":\"Organization\",\"@id\":\"https:\\\/\\\/www.frauenpodiumgossau-zh.ch\\\/#organization\",\"name\":\"Politisches Frauenpodium Gossau ZH\",\"url\":\"https:\\\/\\\/www.frauenpodiumgossau-zh.ch\\\/\",\"logo\":{\"@type\":\"ImageObject\",\"inLanguage\":\"de\",\"@id\":\"https:\\\/\\\/www.frauenpodiumgossau-zh.ch\\\/#\\\/schema\\\/logo\\\/image\\\/\",\"url\":\"https:\\\/\\\/www.frauenpodiumgossau-zh.ch\\\/wp-content\\\/uploads\\\/2020\\\/01\\\/Frauenpodium-Logo-lila-ohne-Text.jpg\",\"contentUrl\":\"https:\\\/\\\/www.frauenpodiumgossau-zh.ch\\\/wp-content\\\/uploads\\\/2020\\\/01\\\/Frauenpodium-Logo-lila-ohne-Text.jpg\",\"width\":1480,\"height\":1200,\"caption\":\"Politisches Frauenpodium Gossau ZH\"},\"image\":{\"@id\":\"https:\\\/\\\/www.frauenpodiumgossau-zh.ch\\\/#\\\/schema\\\/logo\\\/image\\\/\"}},{\"@type\":\"Person\",\"@id\":\"https:\\\/\\\/www.frauenpodiumgossau-zh.ch\\\/#\\\/schema\\\/person\\\/7e3d71bb4d55ff272302782fa36381b8\",\"name\":\"admin\",\"image\":{\"@type\":\"ImageObject\",\"inLanguage\":\"de\",\"@id\":\"https:\\\/\\\/secure.gravatar.com\\\/avatar\\\/c9ad5a5e75381a98acc7a6f92eeee9d0a51e2541002d70c1dac4691ddb5cab2b?s=96&d=mm&r=g\",\"url\":\"https:\\\/\\\/secure.gravatar.com\\\/avatar\\\/c9ad5a5e75381a98acc7a6f92eeee9d0a51e2541002d70c1dac4691ddb5cab2b?s=96&d=mm&r=g\",\"contentUrl\":\"https:\\\/\\\/secure.gravatar.com\\\/avatar\\\/c9ad5a5e75381a98acc7a6f92eeee9d0a51e2541002d70c1dac4691ddb5cab2b?s=96&d=mm&r=g\",\"caption\":\"admin\"},\"url\":\"https:\\\/\\\/www.frauenpodiumgossau-zh.ch\\\/index.php\\\/author\\\/richard_vvkm1238\\\/\"}]}<\/script>\n<!-- \/ Yoast SEO plugin. -->","yoast_head_json":{"title":"Wir am Neuzuz\u00fcger*innentag Gossau ZH - Politisches Frauenpodium Gossau ZH","robots":{"index":"index","follow":"follow","max-snippet":"max-snippet:-1","max-image-preview":"max-image-preview:large","max-video-preview":"max-video-preview:-1"},"canonical":"https:\/\/www.frauenpodiumgossau-zh.ch\/index.php\/2025\/08\/24\/wir-am-neuzuzuegerinnentag-gossau-zh\/","og_locale":"de_DE","og_type":"article","og_title":"Wir am Neuzuz\u00fcger*innentag Gossau ZH - Politisches Frauenpodium Gossau ZH","og_description":"Am diesj\u00e4hrigen Neuzuz\u00fcger*innentag, vom 23. August 2025, waren wir mit einem Stand vertreten und haben viele interessierte Frauen aus Gossau und den Wachten kennengelernt. Es war eine sch\u00f6ne Gelegenheit, unseren Verein vorzustellen, ins Gespr\u00e4ch zu kommen und zu zeigen, wie vielf\u00e4ltig Frauen sich bei uns einbringen k\u00f6nnen \u2013 ob politisch interessiert oder einfach neugierig. Ein &hellip; \u201eWir am Neuzuz\u00fcger*innentag Gossau ZH\u201c weiterlesen","og_url":"https:\/\/www.frauenpodiumgossau-zh.ch\/index.php\/2025\/08\/24\/wir-am-neuzuzuegerinnentag-gossau-zh\/","og_site_name":"Politisches Frauenpodium Gossau ZH","article_published_time":"2025-08-24T15:20:20+00:00","article_modified_time":"2025-10-29T15:37:50+00:00","og_image":[{"width":2000,"height":1335,"url":"https:\/\/www.frauenpodiumgossau-zh.ch\/wp-content\/uploads\/2025\/10\/2025_Stand-PFP_Neuzuzuegertag.jpg","type":"image\/jpeg"}],"author":"admin","twitter_card":"summary_large_image","twitter_misc":{"Verfasst von":false,"Gesch\u00e4tzte Lesezeit":"1\u00a0Minute"},"schema":{"@context":"https:\/\/schema.org","@graph":[{"@type":"Article","@id":"https:\/\/www.frauenpodiumgossau-zh.ch\/index.php\/2025\/08\/24\/wir-am-neuzuzuegerinnentag-gossau-zh\/#article","isPartOf":{"@id":"https:\/\/www.frauenpodiumgossau-zh.ch\/index.php\/2025\/08\/24\/wir-am-neuzuzuegerinnentag-gossau-zh\/"},"author":{"name":"admin","@id":"https:\/\/www.frauenpodiumgossau-zh.ch\/#\/schema\/person\/7e3d71bb4d55ff272302782fa36381b8"},"headline":"Wir am Neuzuz\u00fcger*innentag Gossau ZH","datePublished":"2025-08-24T15:20:20+00:00","dateModified":"2025-10-29T15:37:50+00:00","mainEntityOfPage":{"@id":"https:\/\/www.frauenpodiumgossau-zh.ch\/index.php\/2025\/08\/24\/wir-am-neuzuzuegerinnentag-gossau-zh\/"},"wordCount":111,"publisher":{"@id":"https:\/\/www.frauenpodiumgossau-zh.ch\/#organization"},"image":{"@id":"https:\/\/www.frauenpodiumgossau-zh.ch\/index.php\/2025\/08\/24\/wir-am-neuzuzuegerinnentag-gossau-zh\/#primaryimage"},"thumbnailUrl":"https:\/\/www.frauenpodiumgossau-zh.ch\/wp-content\/uploads\/2025\/10\/2025_Stand-PFP_Neuzuzuegertag-1024x684.jpg","articleSection":["Veranstaltungen"],"inLanguage":"de"},{"@type":"WebPage","@id":"https:\/\/www.frauenpodiumgossau-zh.ch\/index.php\/2025\/08\/24\/wir-am-neuzuzuegerinnentag-gossau-zh\/","url":"https:\/\/www.frauenpodiumgossau-zh.ch\/index.php\/2025\/08\/24\/wir-am-neuzuzuegerinnentag-gossau-zh\/","name":"Wir am Neuzuz\u00fcger*innentag Gossau ZH - Politisches Frauenpodium Gossau ZH","isPartOf":{"@id":"https:\/\/www.frauenpodiumgossau-zh.ch\/#website"},"primaryImageOfPage":{"@id":"https:\/\/www.frauenpodiumgossau-zh.ch\/index.php\/2025\/08\/24\/wir-am-neuzuzuegerinnentag-gossau-zh\/#primaryimage"},"image":{"@id":"https:\/\/www.frauenpodiumgossau-zh.ch\/index.php\/2025\/08\/24\/wir-am-neuzuzuegerinnentag-gossau-zh\/#primaryimage"},"thumbnailUrl":"https:\/\/www.frauenpodiumgossau-zh.ch\/wp-content\/uploads\/2025\/10\/2025_Stand-PFP_Neuzuzuegertag-1024x684.jpg","datePublished":"2025-08-24T15:20:20+00:00","dateModified":"2025-10-29T15:37:50+00:00","breadcrumb":{"@id":"https:\/\/www.frauenpodiumgossau-zh.ch\/index.php\/2025\/08\/24\/wir-am-neuzuzuegerinnentag-gossau-zh\/#breadcrumb"},"inLanguage":"de","potentialAction":[{"@type":"ReadAction","target":["https:\/\/www.frauenpodiumgossau-zh.ch\/index.php\/2025\/08\/24\/wir-am-neuzuzuegerinnentag-gossau-zh\/"]}]},{"@type":"ImageObject","inLanguage":"de","@id":"https:\/\/www.frauenpodiumgossau-zh.ch\/index.php\/2025\/08\/24\/wir-am-neuzuzuegerinnentag-gossau-zh\/#primaryimage","url":"https:\/\/www.frauenpodiumgossau-zh.ch\/wp-content\/uploads\/2025\/10\/2025_Stand-PFP_Neuzuzuegertag.jpg","contentUrl":"https:\/\/www.frauenpodiumgossau-zh.ch\/wp-content\/uploads\/2025\/10\/2025_Stand-PFP_Neuzuzuegertag.jpg","width":2000,"height":1335,"caption":"Jay Menzi"},{"@type":"BreadcrumbList","@id":"https:\/\/www.frauenpodiumgossau-zh.ch\/index.php\/2025\/08\/24\/wir-am-neuzuzuegerinnentag-gossau-zh\/#breadcrumb","itemListElement":[{"@type":"ListItem","position":1,"name":"Startseite","item":"https:\/\/www.frauenpodiumgossau-zh.ch\/"},{"@type":"ListItem","position":2,"name":"Wir am Neuzuz\u00fcger*innentag Gossau ZH"}]},{"@type":"WebSite","@id":"https:\/\/www.frauenpodiumgossau-zh.ch\/#website","url":"https:\/\/www.frauenpodiumgossau-zh.ch\/","name":"Politisches Frauenpodium Gossau ZH","description":"Z\u00e4me z Wort cho","publisher":{"@id":"https:\/\/www.frauenpodiumgossau-zh.ch\/#organization"},"potentialAction":[{"@type":"SearchAction","target":{"@type":"EntryPoint","urlTemplate":"https:\/\/www.frauenpodiumgossau-zh.ch\/?s={search_term_string}"},"query-input":{"@type":"PropertyValueSpecification","valueRequired":true,"valueName":"search_term_string"}}],"inLanguage":"de"},{"@type":"Organization","@id":"https:\/\/www.frauenpodiumgossau-zh.ch\/#organization","name":"Politisches Frauenpodium Gossau ZH","url":"https:\/\/www.frauenpodiumgossau-zh.ch\/","logo":{"@type":"ImageObject","inLanguage":"de","@id":"https:\/\/www.frauenpodiumgossau-zh.ch\/#\/schema\/logo\/image\/","url":"https:\/\/www.frauenpodiumgossau-zh.ch\/wp-content\/uploads\/2020\/01\/Frauenpodium-Logo-lila-ohne-Text.jpg","contentUrl":"https:\/\/www.frauenpodiumgossau-zh.ch\/wp-content\/uploads\/2020\/01\/Frauenpodium-Logo-lila-ohne-Text.jpg","width":1480,"height":1200,"caption":"Politisches Frauenpodium Gossau ZH"},"image":{"@id":"https:\/\/www.frauenpodiumgossau-zh.ch\/#\/schema\/logo\/image\/"}},{"@type":"Person","@id":"https:\/\/www.frauenpodiumgossau-zh.ch\/#\/schema\/person\/7e3d71bb4d55ff272302782fa36381b8","name":"admin","image":{"@type":"ImageObject","inLanguage":"de","@id":"https:\/\/secure.gravatar.com\/avatar\/c9ad5a5e75381a98acc7a6f92eeee9d0a51e2541002d70c1dac4691ddb5cab2b?s=96&d=mm&r=g","url":"https:\/\/secure.gravatar.com\/avatar\/c9ad5a5e75381a98acc7a6f92eeee9d0a51e2541002d70c1dac4691ddb5cab2b?s=96&d=mm&r=g","contentUrl":"https:\/\/secure.gravatar.com\/avatar\/c9ad5a5e75381a98acc7a6f92eeee9d0a51e2541002d70c1dac4691ddb5cab2b?s=96&d=mm&r=g","caption":"admin"},"url":"https:\/\/www.frauenpodiumgossau-zh.ch\/index.php\/author\/richard_vvkm1238\/"}]}},"_links":{"self":[{"href":"https:\/\/www.frauenpodiumgossau-zh.ch\/index.php\/wp-json\/wp\/v2\/posts\/1091","targetHints":{"allow":["GET"]}}],"collection":[{"href":"https:\/\/www.frauenpodiumgossau-zh.ch\/index.php\/wp-json\/wp\/v2\/posts"}],"about":[{"href":"https:\/\/www.frauenpodiumgossau-zh.ch\/index.php\/wp-json\/wp\/v2\/types\/post"}],"author":[{"embeddable":true,"href":"https:\/\/www.frauenpodiumgossau-zh.ch\/index.php\/wp-json\/wp\/v2\/users\/1"}],"replies":[{"embeddable":true,"href":"https:\/\/www.frauenpodiumgossau-zh.ch\/index.php\/wp-json\/wp\/v2\/comments?post=1091"}],"version-history":[{"count":2,"href":"https:\/\/www.frauenpodiumgossau-zh.ch\/index.php\/wp-json\/wp\/v2\/posts\/1091\/revisions"}],"predecessor-version":[{"id":1095,"href":"https:\/\/www.frauenpodiumgossau-zh.ch\/index.php\/wp-json\/wp\/v2\/posts\/1091\/revisions\/1095"}],"wp:attachment":[{"href":"https:\/\/www.frauenpodiumgossau-zh.ch\/index.php\/wp-json\/wp\/v2\/media?parent=1091"}],"wp:term":[{"taxonomy":"category","embeddable":true,"href":"https:\/\/www.frauenpodiumgossau-zh.ch\/index.php\/wp-json\/wp\/v2\/categories?post=1091"},{"taxonomy":"post_tag","embeddable":true,"href":"https:\/\/www.frauenpodiumgossau-zh.ch\/index.php\/wp-json\/wp\/v2\/tags?post=1091"}],"curies":[{"name":"wp","href":"https:\/\/api.w.org\/{rel}","templated":true}]}}