{"id":1279,"date":"2026-02-02T09:10:51","date_gmt":"2026-02-02T09:10:51","guid":{"rendered":"https:\/\/www.frauenpodiumgossau-zh.ch\/?p=1279"},"modified":"2026-02-02T09:12:37","modified_gmt":"2026-02-02T09:12:37","slug":"oeffentliche-podiumsdiskussion","status":"publish","type":"post","link":"https:\/\/www.frauenpodiumgossau-zh.ch\/index.php\/2026\/02\/02\/oeffentliche-podiumsdiskussion\/","title":{"rendered":"\u00d6ffentliche Podiumsdiskussion"},"content":{"rendered":"\n<p class=\"wp-block-paragraph\">Am&nbsp;<strong>Mittwoch, 11. Februar 2026<\/strong>, findet in der&nbsp;<strong>Festh\u00fctte Altr\u00fcti in Gossau ZH<\/strong>&nbsp;um <strong>20.00 Uhr<\/strong> eine \u00f6ffentliche Podiumsdiskussion zur bevorstehenden Gemeinderats- und Gemeindepr\u00e4sidiumswahl statt. Auch das&nbsp;<strong>Politische Frauenpodium<\/strong>&nbsp;ist mit&nbsp;<strong>Sylvia Veraguth Bamert<\/strong>&nbsp;vertreten. <\/p>\n\n\n\n<p class=\"wp-block-paragraph\">Die Veranstaltung bietet Raum f\u00fcr Begegnungen, klare Aussagen und einen offenen Austausch \u00fcber die Zukunft von Gossau. Die Bev\u00f6lkerung ist herzlich eingeladen, sich ein eigenes Bild zu machen und Fragen einzubringen.<\/p>\n\n\n\n<div class=\"wp-block-buttons is-layout-flex wp-block-buttons-is-layout-flex\">\n<div class=\"wp-block-button\"><a class=\"wp-block-button__link wp-element-button\" href=\"https:\/\/www.frauenpodiumgossau-zh.ch\/wp-content\/uploads\/2026\/02\/PVK-Gossau-ZH-Einladung-zur-oeff.-Veranstaltung-vom-11.-Februar-2026.pdf\">Weitere Informationen<\/a><\/div>\n<\/div>\n\n\n\n<p class=\"wp-block-paragraph\"><\/p>\n","protected":false},"excerpt":{"rendered":"<p>Am&nbsp;Mittwoch, 11. Februar 2026, findet in der&nbsp;Festh\u00fctte Altr\u00fcti in Gossau ZH&nbsp;um 20.00 Uhr eine \u00f6ffentliche Podiumsdiskussion zur bevorstehenden Gemeinderats- und Gemeindepr\u00e4sidiumswahl statt. Auch das&nbsp;Politische Frauenpodium&nbsp;ist mit&nbsp;Sylvia Veraguth Bamert&nbsp;vertreten. Die Veranstaltung bietet Raum f\u00fcr Begegnungen, klare Aussagen und einen offenen Austausch \u00fcber die Zukunft von Gossau. Die Bev\u00f6lkerung ist herzlich eingeladen, sich ein eigenes Bild zu &hellip; <\/p>\n<p class=\"link-more\"><a href=\"https:\/\/www.frauenpodiumgossau-zh.ch\/index.php\/2026\/02\/02\/oeffentliche-podiumsdiskussion\/\" class=\"more-link\"><span class=\"screen-reader-text\">\u201e\u00d6ffentliche Podiumsdiskussion\u201c <\/span>weiterlesen<\/a><\/p>\n","protected":false},"author":1,"featured_media":0,"comment_status":"closed","ping_status":"open","sticky":false,"template":"","format":"standard","meta":{"footnotes":""},"categories":[1],"tags":[],"class_list":["post-1279","post","type-post","status-publish","format-standard","hentry","category-veranstaltungen"],"yoast_head":"<!-- This site is optimized with the Yoast SEO plugin v27.7 - https:\/\/yoast.com\/product\/yoast-seo-wordpress\/ -->\n<title>\u00d6ffentliche Podiumsdiskussion - Politisches Frauenpodium Gossau ZH<\/title>\n<meta name=\"robots\" content=\"index, follow, max-snippet:-1, max-image-preview:large, max-video-preview:-1\" \/>\n<link rel=\"canonical\" href=\"https:\/\/www.frauenpodiumgossau-zh.ch\/index.php\/2026\/02\/02\/oeffentliche-podiumsdiskussion\/\" \/>\n<meta property=\"og:locale\" content=\"de_DE\" \/>\n<meta property=\"og:type\" content=\"article\" \/>\n<meta property=\"og:title\" content=\"\u00d6ffentliche Podiumsdiskussion - Politisches Frauenpodium Gossau ZH\" \/>\n<meta property=\"og:description\" content=\"Am&nbsp;Mittwoch, 11. Februar 2026, findet in der&nbsp;Festh\u00fctte Altr\u00fcti in Gossau ZH&nbsp;um 20.00 Uhr eine \u00f6ffentliche Podiumsdiskussion zur bevorstehenden Gemeinderats- und Gemeindepr\u00e4sidiumswahl statt. Auch das&nbsp;Politische Frauenpodium&nbsp;ist mit&nbsp;Sylvia Veraguth Bamert&nbsp;vertreten. Die Veranstaltung bietet Raum f\u00fcr Begegnungen, klare Aussagen und einen offenen Austausch \u00fcber die Zukunft von Gossau. Die Bev\u00f6lkerung ist herzlich eingeladen, sich ein eigenes Bild zu &hellip; \u201e\u00d6ffentliche Podiumsdiskussion\u201c weiterlesen\" \/>\n<meta property=\"og:url\" content=\"https:\/\/www.frauenpodiumgossau-zh.ch\/index.php\/2026\/02\/02\/oeffentliche-podiumsdiskussion\/\" \/>\n<meta property=\"og:site_name\" content=\"Politisches Frauenpodium Gossau ZH\" \/>\n<meta property=\"article:published_time\" content=\"2026-02-02T09:10:51+00:00\" \/>\n<meta property=\"article:modified_time\" content=\"2026-02-02T09:12:37+00:00\" \/>\n<meta name=\"author\" content=\"admin\" \/>\n<meta name=\"twitter:card\" content=\"summary_large_image\" \/>\n<meta name=\"twitter:label1\" content=\"Verfasst von\" \/>\n\t<meta name=\"twitter:data1\" content=\"\" \/>\n\t<meta name=\"twitter:label2\" content=\"Gesch\u00e4tzte Lesezeit\" \/>\n\t<meta name=\"twitter:data2\" content=\"1\u00a0Minute\" \/>\n<script type=\"application\/ld+json\" class=\"yoast-schema-graph\">{\"@context\":\"https:\\\/\\\/schema.org\",\"@graph\":[{\"@type\":\"Article\",\"@id\":\"https:\\\/\\\/www.frauenpodiumgossau-zh.ch\\\/index.php\\\/2026\\\/02\\\/02\\\/oeffentliche-podiumsdiskussion\\\/#article\",\"isPartOf\":{\"@id\":\"https:\\\/\\\/www.frauenpodiumgossau-zh.ch\\\/index.php\\\/2026\\\/02\\\/02\\\/oeffentliche-podiumsdiskussion\\\/\"},\"author\":{\"name\":\"admin\",\"@id\":\"https:\\\/\\\/www.frauenpodiumgossau-zh.ch\\\/#\\\/schema\\\/person\\\/7e3d71bb4d55ff272302782fa36381b8\"},\"headline\":\"\u00d6ffentliche Podiumsdiskussion\",\"datePublished\":\"2026-02-02T09:10:51+00:00\",\"dateModified\":\"2026-02-02T09:12:37+00:00\",\"mainEntityOfPage\":{\"@id\":\"https:\\\/\\\/www.frauenpodiumgossau-zh.ch\\\/index.php\\\/2026\\\/02\\\/02\\\/oeffentliche-podiumsdiskussion\\\/\"},\"wordCount\":79,\"publisher\":{\"@id\":\"https:\\\/\\\/www.frauenpodiumgossau-zh.ch\\\/#organization\"},\"articleSection\":[\"Veranstaltungen\"],\"inLanguage\":\"de\"},{\"@type\":\"WebPage\",\"@id\":\"https:\\\/\\\/www.frauenpodiumgossau-zh.ch\\\/index.php\\\/2026\\\/02\\\/02\\\/oeffentliche-podiumsdiskussion\\\/\",\"url\":\"https:\\\/\\\/www.frauenpodiumgossau-zh.ch\\\/index.php\\\/2026\\\/02\\\/02\\\/oeffentliche-podiumsdiskussion\\\/\",\"name\":\"\u00d6ffentliche Podiumsdiskussion - Politisches Frauenpodium Gossau ZH\",\"isPartOf\":{\"@id\":\"https:\\\/\\\/www.frauenpodiumgossau-zh.ch\\\/#website\"},\"datePublished\":\"2026-02-02T09:10:51+00:00\",\"dateModified\":\"2026-02-02T09:12:37+00:00\",\"breadcrumb\":{\"@id\":\"https:\\\/\\\/www.frauenpodiumgossau-zh.ch\\\/index.php\\\/2026\\\/02\\\/02\\\/oeffentliche-podiumsdiskussion\\\/#breadcrumb\"},\"inLanguage\":\"de\",\"potentialAction\":[{\"@type\":\"ReadAction\",\"target\":[\"https:\\\/\\\/www.frauenpodiumgossau-zh.ch\\\/index.php\\\/2026\\\/02\\\/02\\\/oeffentliche-podiumsdiskussion\\\/\"]}]},{\"@type\":\"BreadcrumbList\",\"@id\":\"https:\\\/\\\/www.frauenpodiumgossau-zh.ch\\\/index.php\\\/2026\\\/02\\\/02\\\/oeffentliche-podiumsdiskussion\\\/#breadcrumb\",\"itemListElement\":[{\"@type\":\"ListItem\",\"position\":1,\"name\":\"Startseite\",\"item\":\"https:\\\/\\\/www.frauenpodiumgossau-zh.ch\\\/\"},{\"@type\":\"ListItem\",\"position\":2,\"name\":\"\u00d6ffentliche Podiumsdiskussion\"}]},{\"@type\":\"WebSite\",\"@id\":\"https:\\\/\\\/www.frauenpodiumgossau-zh.ch\\\/#website\",\"url\":\"https:\\\/\\\/www.frauenpodiumgossau-zh.ch\\\/\",\"name\":\"Politisches Frauenpodium Gossau ZH\",\"description\":\"Z\u00e4me z Wort cho\",\"publisher\":{\"@id\":\"https:\\\/\\\/www.frauenpodiumgossau-zh.ch\\\/#organization\"},\"potentialAction\":[{\"@type\":\"SearchAction\",\"target\":{\"@type\":\"EntryPoint\",\"urlTemplate\":\"https:\\\/\\\/www.frauenpodiumgossau-zh.ch\\\/?s={search_term_string}\"},\"query-input\":{\"@type\":\"PropertyValueSpecification\",\"valueRequired\":true,\"valueName\":\"search_term_string\"}}],\"inLanguage\":\"de\"},{\"@type\":\"Organization\",\"@id\":\"https:\\\/\\\/www.frauenpodiumgossau-zh.ch\\\/#organization\",\"name\":\"Politisches Frauenpodium Gossau ZH\",\"url\":\"https:\\\/\\\/www.frauenpodiumgossau-zh.ch\\\/\",\"logo\":{\"@type\":\"ImageObject\",\"inLanguage\":\"de\",\"@id\":\"https:\\\/\\\/www.frauenpodiumgossau-zh.ch\\\/#\\\/schema\\\/logo\\\/image\\\/\",\"url\":\"https:\\\/\\\/www.frauenpodiumgossau-zh.ch\\\/wp-content\\\/uploads\\\/2020\\\/01\\\/Frauenpodium-Logo-lila-ohne-Text.jpg\",\"contentUrl\":\"https:\\\/\\\/www.frauenpodiumgossau-zh.ch\\\/wp-content\\\/uploads\\\/2020\\\/01\\\/Frauenpodium-Logo-lila-ohne-Text.jpg\",\"width\":1480,\"height\":1200,\"caption\":\"Politisches Frauenpodium Gossau ZH\"},\"image\":{\"@id\":\"https:\\\/\\\/www.frauenpodiumgossau-zh.ch\\\/#\\\/schema\\\/logo\\\/image\\\/\"}},{\"@type\":\"Person\",\"@id\":\"https:\\\/\\\/www.frauenpodiumgossau-zh.ch\\\/#\\\/schema\\\/person\\\/7e3d71bb4d55ff272302782fa36381b8\",\"name\":\"admin\",\"image\":{\"@type\":\"ImageObject\",\"inLanguage\":\"de\",\"@id\":\"https:\\\/\\\/secure.gravatar.com\\\/avatar\\\/c9ad5a5e75381a98acc7a6f92eeee9d0a51e2541002d70c1dac4691ddb5cab2b?s=96&d=mm&r=g\",\"url\":\"https:\\\/\\\/secure.gravatar.com\\\/avatar\\\/c9ad5a5e75381a98acc7a6f92eeee9d0a51e2541002d70c1dac4691ddb5cab2b?s=96&d=mm&r=g\",\"contentUrl\":\"https:\\\/\\\/secure.gravatar.com\\\/avatar\\\/c9ad5a5e75381a98acc7a6f92eeee9d0a51e2541002d70c1dac4691ddb5cab2b?s=96&d=mm&r=g\",\"caption\":\"admin\"},\"url\":\"https:\\\/\\\/www.frauenpodiumgossau-zh.ch\\\/index.php\\\/author\\\/richard_vvkm1238\\\/\"}]}<\/script>\n<!-- \/ Yoast SEO plugin. -->","yoast_head_json":{"title":"\u00d6ffentliche Podiumsdiskussion - Politisches Frauenpodium Gossau ZH","robots":{"index":"index","follow":"follow","max-snippet":"max-snippet:-1","max-image-preview":"max-image-preview:large","max-video-preview":"max-video-preview:-1"},"canonical":"https:\/\/www.frauenpodiumgossau-zh.ch\/index.php\/2026\/02\/02\/oeffentliche-podiumsdiskussion\/","og_locale":"de_DE","og_type":"article","og_title":"\u00d6ffentliche Podiumsdiskussion - Politisches Frauenpodium Gossau ZH","og_description":"Am&nbsp;Mittwoch, 11. Februar 2026, findet in der&nbsp;Festh\u00fctte Altr\u00fcti in Gossau ZH&nbsp;um 20.00 Uhr eine \u00f6ffentliche Podiumsdiskussion zur bevorstehenden Gemeinderats- und Gemeindepr\u00e4sidiumswahl statt. Auch das&nbsp;Politische Frauenpodium&nbsp;ist mit&nbsp;Sylvia Veraguth Bamert&nbsp;vertreten. Die Veranstaltung bietet Raum f\u00fcr Begegnungen, klare Aussagen und einen offenen Austausch \u00fcber die Zukunft von Gossau. Die Bev\u00f6lkerung ist herzlich eingeladen, sich ein eigenes Bild zu &hellip; \u201e\u00d6ffentliche Podiumsdiskussion\u201c weiterlesen","og_url":"https:\/\/www.frauenpodiumgossau-zh.ch\/index.php\/2026\/02\/02\/oeffentliche-podiumsdiskussion\/","og_site_name":"Politisches Frauenpodium Gossau ZH","article_published_time":"2026-02-02T09:10:51+00:00","article_modified_time":"2026-02-02T09:12:37+00:00","author":"admin","twitter_card":"summary_large_image","twitter_misc":{"Verfasst von":false,"Gesch\u00e4tzte Lesezeit":"1\u00a0Minute"},"schema":{"@context":"https:\/\/schema.org","@graph":[{"@type":"Article","@id":"https:\/\/www.frauenpodiumgossau-zh.ch\/index.php\/2026\/02\/02\/oeffentliche-podiumsdiskussion\/#article","isPartOf":{"@id":"https:\/\/www.frauenpodiumgossau-zh.ch\/index.php\/2026\/02\/02\/oeffentliche-podiumsdiskussion\/"},"author":{"name":"admin","@id":"https:\/\/www.frauenpodiumgossau-zh.ch\/#\/schema\/person\/7e3d71bb4d55ff272302782fa36381b8"},"headline":"\u00d6ffentliche Podiumsdiskussion","datePublished":"2026-02-02T09:10:51+00:00","dateModified":"2026-02-02T09:12:37+00:00","mainEntityOfPage":{"@id":"https:\/\/www.frauenpodiumgossau-zh.ch\/index.php\/2026\/02\/02\/oeffentliche-podiumsdiskussion\/"},"wordCount":79,"publisher":{"@id":"https:\/\/www.frauenpodiumgossau-zh.ch\/#organization"},"articleSection":["Veranstaltungen"],"inLanguage":"de"},{"@type":"WebPage","@id":"https:\/\/www.frauenpodiumgossau-zh.ch\/index.php\/2026\/02\/02\/oeffentliche-podiumsdiskussion\/","url":"https:\/\/www.frauenpodiumgossau-zh.ch\/index.php\/2026\/02\/02\/oeffentliche-podiumsdiskussion\/","name":"\u00d6ffentliche Podiumsdiskussion - Politisches Frauenpodium Gossau ZH","isPartOf":{"@id":"https:\/\/www.frauenpodiumgossau-zh.ch\/#website"},"datePublished":"2026-02-02T09:10:51+00:00","dateModified":"2026-02-02T09:12:37+00:00","breadcrumb":{"@id":"https:\/\/www.frauenpodiumgossau-zh.ch\/index.php\/2026\/02\/02\/oeffentliche-podiumsdiskussion\/#breadcrumb"},"inLanguage":"de","potentialAction":[{"@type":"ReadAction","target":["https:\/\/www.frauenpodiumgossau-zh.ch\/index.php\/2026\/02\/02\/oeffentliche-podiumsdiskussion\/"]}]},{"@type":"BreadcrumbList","@id":"https:\/\/www.frauenpodiumgossau-zh.ch\/index.php\/2026\/02\/02\/oeffentliche-podiumsdiskussion\/#breadcrumb","itemListElement":[{"@type":"ListItem","position":1,"name":"Startseite","item":"https:\/\/www.frauenpodiumgossau-zh.ch\/"},{"@type":"ListItem","position":2,"name":"\u00d6ffentliche Podiumsdiskussion"}]},{"@type":"WebSite","@id":"https:\/\/www.frauenpodiumgossau-zh.ch\/#website","url":"https:\/\/www.frauenpodiumgossau-zh.ch\/","name":"Politisches Frauenpodium Gossau ZH","description":"Z\u00e4me z Wort cho","publisher":{"@id":"https:\/\/www.frauenpodiumgossau-zh.ch\/#organization"},"potentialAction":[{"@type":"SearchAction","target":{"@type":"EntryPoint","urlTemplate":"https:\/\/www.frauenpodiumgossau-zh.ch\/?s={search_term_string}"},"query-input":{"@type":"PropertyValueSpecification","valueRequired":true,"valueName":"search_term_string"}}],"inLanguage":"de"},{"@type":"Organization","@id":"https:\/\/www.frauenpodiumgossau-zh.ch\/#organization","name":"Politisches Frauenpodium Gossau ZH","url":"https:\/\/www.frauenpodiumgossau-zh.ch\/","logo":{"@type":"ImageObject","inLanguage":"de","@id":"https:\/\/www.frauenpodiumgossau-zh.ch\/#\/schema\/logo\/image\/","url":"https:\/\/www.frauenpodiumgossau-zh.ch\/wp-content\/uploads\/2020\/01\/Frauenpodium-Logo-lila-ohne-Text.jpg","contentUrl":"https:\/\/www.frauenpodiumgossau-zh.ch\/wp-content\/uploads\/2020\/01\/Frauenpodium-Logo-lila-ohne-Text.jpg","width":1480,"height":1200,"caption":"Politisches Frauenpodium Gossau ZH"},"image":{"@id":"https:\/\/www.frauenpodiumgossau-zh.ch\/#\/schema\/logo\/image\/"}},{"@type":"Person","@id":"https:\/\/www.frauenpodiumgossau-zh.ch\/#\/schema\/person\/7e3d71bb4d55ff272302782fa36381b8","name":"admin","image":{"@type":"ImageObject","inLanguage":"de","@id":"https:\/\/secure.gravatar.com\/avatar\/c9ad5a5e75381a98acc7a6f92eeee9d0a51e2541002d70c1dac4691ddb5cab2b?s=96&d=mm&r=g","url":"https:\/\/secure.gravatar.com\/avatar\/c9ad5a5e75381a98acc7a6f92eeee9d0a51e2541002d70c1dac4691ddb5cab2b?s=96&d=mm&r=g","contentUrl":"https:\/\/secure.gravatar.com\/avatar\/c9ad5a5e75381a98acc7a6f92eeee9d0a51e2541002d70c1dac4691ddb5cab2b?s=96&d=mm&r=g","caption":"admin"},"url":"https:\/\/www.frauenpodiumgossau-zh.ch\/index.php\/author\/richard_vvkm1238\/"}]}},"_links":{"self":[{"href":"https:\/\/www.frauenpodiumgossau-zh.ch\/index.php\/wp-json\/wp\/v2\/posts\/1279","targetHints":{"allow":["GET"]}}],"collection":[{"href":"https:\/\/www.frauenpodiumgossau-zh.ch\/index.php\/wp-json\/wp\/v2\/posts"}],"about":[{"href":"https:\/\/www.frauenpodiumgossau-zh.ch\/index.php\/wp-json\/wp\/v2\/types\/post"}],"author":[{"embeddable":true,"href":"https:\/\/www.frauenpodiumgossau-zh.ch\/index.php\/wp-json\/wp\/v2\/users\/1"}],"replies":[{"embeddable":true,"href":"https:\/\/www.frauenpodiumgossau-zh.ch\/index.php\/wp-json\/wp\/v2\/comments?post=1279"}],"version-history":[{"count":3,"href":"https:\/\/www.frauenpodiumgossau-zh.ch\/index.php\/wp-json\/wp\/v2\/posts\/1279\/revisions"}],"predecessor-version":[{"id":1283,"href":"https:\/\/www.frauenpodiumgossau-zh.ch\/index.php\/wp-json\/wp\/v2\/posts\/1279\/revisions\/1283"}],"wp:attachment":[{"href":"https:\/\/www.frauenpodiumgossau-zh.ch\/index.php\/wp-json\/wp\/v2\/media?parent=1279"}],"wp:term":[{"taxonomy":"category","embeddable":true,"href":"https:\/\/www.frauenpodiumgossau-zh.ch\/index.php\/wp-json\/wp\/v2\/categories?post=1279"},{"taxonomy":"post_tag","embeddable":true,"href":"https:\/\/www.frauenpodiumgossau-zh.ch\/index.php\/wp-json\/wp\/v2\/tags?post=1279"}],"curies":[{"name":"wp","href":"https:\/\/api.w.org\/{rel}","templated":true}]}}