{"id":203,"date":"2020-06-16T12:49:51","date_gmt":"2020-06-16T12:49:51","guid":{"rendered":"https:\/\/www.frauenpodiumgossau-zh.ch\/?p=203"},"modified":"2025-08-22T13:37:24","modified_gmt":"2025-08-22T13:37:24","slug":"gesundheitsschutz","status":"publish","type":"post","link":"https:\/\/www.frauenpodiumgossau-zh.ch\/index.php\/2020\/06\/16\/gesundheitsschutz\/","title":{"rendered":"Gesundheitsschutz"},"content":{"rendered":"\n<h4 class=\"wp-block-heading\">Coronavorsorge am Mittwoch 23. September<\/h4>\n\n\n\n<p class=\"wp-block-paragraph\">Der Singsaal Wolfrichti bietet 200 Sitzpl\u00e4tze &#8211; auch mit Abstand immer gen\u00fcgend Platz f\u00fcr Sie und das ganze Publikum.<\/p>\n\n\n\n<div class=\"wp-block-media-text alignwide is-stacked-on-mobile\"><figure class=\"wp-block-media-text__media\"><img loading=\"lazy\" decoding=\"async\" width=\"1024\" height=\"1024\" src=\"https:\/\/www.frauenpodiumgossau-zh.ch\/wp-content\/uploads\/2020\/07\/BAG_Pictos_06_CoVi_blau_1080x1080_rgb_007-1024x1024.png\" alt=\"\" class=\"wp-image-206\" srcset=\"https:\/\/www.frauenpodiumgossau-zh.ch\/wp-content\/uploads\/2020\/07\/BAG_Pictos_06_CoVi_blau_1080x1080_rgb_007-1024x1024.png 1024w, https:\/\/www.frauenpodiumgossau-zh.ch\/wp-content\/uploads\/2020\/07\/BAG_Pictos_06_CoVi_blau_1080x1080_rgb_007-300x300.png 300w, https:\/\/www.frauenpodiumgossau-zh.ch\/wp-content\/uploads\/2020\/07\/BAG_Pictos_06_CoVi_blau_1080x1080_rgb_007-150x150.png 150w, https:\/\/www.frauenpodiumgossau-zh.ch\/wp-content\/uploads\/2020\/07\/BAG_Pictos_06_CoVi_blau_1080x1080_rgb_007-768x768.png 768w, https:\/\/www.frauenpodiumgossau-zh.ch\/wp-content\/uploads\/2020\/07\/BAG_Pictos_06_CoVi_blau_1080x1080_rgb_007-100x100.png 100w, https:\/\/www.frauenpodiumgossau-zh.ch\/wp-content\/uploads\/2020\/07\/BAG_Pictos_06_CoVi_blau_1080x1080_rgb_007.png 1080w\" sizes=\"auto, (max-width: 767px) 89vw, (max-width: 1000px) 54vw, (max-width: 1071px) 543px, 580px\" \/><\/figure><div class=\"wp-block-media-text__content\">\n<p class=\"wp-block-paragraph\" style=\"font-size:28px\">Maske tragen, weil 1,5 m Abstand nicht m\u00f6glich ist &#8211; gratis am Eingang<\/p>\n<\/div><\/div>\n\n\n\n<div class=\"wp-block-media-text alignwide is-stacked-on-mobile\"><figure class=\"wp-block-media-text__media\"><img loading=\"lazy\" decoding=\"async\" width=\"1024\" height=\"1024\" src=\"https:\/\/www.frauenpodiumgossau-zh.ch\/wp-content\/uploads\/2020\/07\/BAG_Pictos_06_CoVi_blau_1080x1080_rgb_001-1024x1024.png\" alt=\"\" class=\"wp-image-204\" srcset=\"https:\/\/www.frauenpodiumgossau-zh.ch\/wp-content\/uploads\/2020\/07\/BAG_Pictos_06_CoVi_blau_1080x1080_rgb_001-1024x1024.png 1024w, https:\/\/www.frauenpodiumgossau-zh.ch\/wp-content\/uploads\/2020\/07\/BAG_Pictos_06_CoVi_blau_1080x1080_rgb_001-300x300.png 300w, https:\/\/www.frauenpodiumgossau-zh.ch\/wp-content\/uploads\/2020\/07\/BAG_Pictos_06_CoVi_blau_1080x1080_rgb_001-150x150.png 150w, https:\/\/www.frauenpodiumgossau-zh.ch\/wp-content\/uploads\/2020\/07\/BAG_Pictos_06_CoVi_blau_1080x1080_rgb_001-768x768.png 768w, https:\/\/www.frauenpodiumgossau-zh.ch\/wp-content\/uploads\/2020\/07\/BAG_Pictos_06_CoVi_blau_1080x1080_rgb_001-100x100.png 100w, https:\/\/www.frauenpodiumgossau-zh.ch\/wp-content\/uploads\/2020\/07\/BAG_Pictos_06_CoVi_blau_1080x1080_rgb_001.png 1080w\" sizes=\"auto, (max-width: 767px) 89vw, (max-width: 1000px) 54vw, (max-width: 1071px) 543px, 580px\" \/><\/figure><div class=\"wp-block-media-text__content\">\n<p class=\"wp-block-paragraph\" style=\"font-size:28px\">Hand Desinfektion<\/p>\n<\/div><\/div>\n\n\n\n<div class=\"wp-block-media-text alignwide is-stacked-on-mobile\"><figure class=\"wp-block-media-text__media\"><img loading=\"lazy\" decoding=\"async\" width=\"1024\" height=\"1024\" src=\"https:\/\/www.frauenpodiumgossau-zh.ch\/wp-content\/uploads\/2020\/07\/BAG_Pictos_06_CoVi_blau_1080x1080_rgb_006-1024x1024.png\" alt=\"\" class=\"wp-image-205\" srcset=\"https:\/\/www.frauenpodiumgossau-zh.ch\/wp-content\/uploads\/2020\/07\/BAG_Pictos_06_CoVi_blau_1080x1080_rgb_006-1024x1024.png 1024w, https:\/\/www.frauenpodiumgossau-zh.ch\/wp-content\/uploads\/2020\/07\/BAG_Pictos_06_CoVi_blau_1080x1080_rgb_006-300x300.png 300w, https:\/\/www.frauenpodiumgossau-zh.ch\/wp-content\/uploads\/2020\/07\/BAG_Pictos_06_CoVi_blau_1080x1080_rgb_006-150x150.png 150w, https:\/\/www.frauenpodiumgossau-zh.ch\/wp-content\/uploads\/2020\/07\/BAG_Pictos_06_CoVi_blau_1080x1080_rgb_006-768x768.png 768w, https:\/\/www.frauenpodiumgossau-zh.ch\/wp-content\/uploads\/2020\/07\/BAG_Pictos_06_CoVi_blau_1080x1080_rgb_006-100x100.png 100w, https:\/\/www.frauenpodiumgossau-zh.ch\/wp-content\/uploads\/2020\/07\/BAG_Pictos_06_CoVi_blau_1080x1080_rgb_006.png 1080w\" sizes=\"auto, (max-width: 767px) 89vw, (max-width: 1000px) 54vw, (max-width: 1071px) 543px, 580px\" \/><\/figure><div class=\"wp-block-media-text__content\">\n<p class=\"wp-block-paragraph\" style=\"font-size:28px\">Abstand halten am Eingang und Ausgang<\/p>\n<\/div><\/div>\n","protected":false},"excerpt":{"rendered":"<p>Coronavorsorge am Mittwoch 23. September Der Singsaal Wolfrichti bietet 200 Sitzpl\u00e4tze &#8211; auch mit Abstand immer gen\u00fcgend Platz f\u00fcr Sie und das ganze Publikum. Maske tragen, weil 1,5 m Abstand nicht m\u00f6glich ist &#8211; gratis am Eingang Hand Desinfektion Abstand halten am Eingang und Ausgang<\/p>\n","protected":false},"author":1,"featured_media":0,"comment_status":"open","ping_status":"open","sticky":false,"template":"","format":"standard","meta":{"footnotes":""},"categories":[7],"tags":[],"class_list":["post-203","post","type-post","status-publish","format-standard","hentry","category-news"],"yoast_head":"<!-- This site is optimized with the Yoast SEO plugin v27.7 - https:\/\/yoast.com\/product\/yoast-seo-wordpress\/ -->\n<title>Gesundheitsschutz - Politisches Frauenpodium Gossau ZH<\/title>\n<meta name=\"robots\" content=\"index, follow, max-snippet:-1, max-image-preview:large, max-video-preview:-1\" \/>\n<link rel=\"canonical\" href=\"https:\/\/www.frauenpodiumgossau-zh.ch\/index.php\/2020\/06\/16\/gesundheitsschutz\/\" \/>\n<meta property=\"og:locale\" content=\"de_DE\" \/>\n<meta property=\"og:type\" content=\"article\" \/>\n<meta property=\"og:title\" content=\"Gesundheitsschutz - Politisches Frauenpodium Gossau ZH\" \/>\n<meta property=\"og:description\" content=\"Coronavorsorge am Mittwoch 23. September Der Singsaal Wolfrichti bietet 200 Sitzpl\u00e4tze &#8211; auch mit Abstand immer gen\u00fcgend Platz f\u00fcr Sie und das ganze Publikum. Maske tragen, weil 1,5 m Abstand nicht m\u00f6glich ist &#8211; gratis am Eingang Hand Desinfektion Abstand halten am Eingang und Ausgang\" \/>\n<meta property=\"og:url\" content=\"https:\/\/www.frauenpodiumgossau-zh.ch\/index.php\/2020\/06\/16\/gesundheitsschutz\/\" \/>\n<meta property=\"og:site_name\" content=\"Politisches Frauenpodium Gossau ZH\" \/>\n<meta property=\"article:published_time\" content=\"2020-06-16T12:49:51+00:00\" \/>\n<meta property=\"article:modified_time\" content=\"2025-08-22T13:37:24+00:00\" \/>\n<meta property=\"og:image\" content=\"https:\/\/www.frauenpodiumgossau-zh.ch\/wp-content\/uploads\/2020\/07\/BAG_Pictos_06_CoVi_blau_1080x1080_rgb_007.png\" \/>\n\t<meta property=\"og:image:width\" content=\"1080\" \/>\n\t<meta property=\"og:image:height\" content=\"1080\" \/>\n\t<meta property=\"og:image:type\" content=\"image\/png\" \/>\n<meta name=\"author\" content=\"admin\" \/>\n<meta name=\"twitter:card\" content=\"summary_large_image\" \/>\n<meta name=\"twitter:label1\" content=\"Verfasst von\" \/>\n\t<meta name=\"twitter:data1\" content=\"\" \/>\n<script type=\"application\/ld+json\" class=\"yoast-schema-graph\">{\"@context\":\"https:\\\/\\\/schema.org\",\"@graph\":[{\"@type\":\"Article\",\"@id\":\"https:\\\/\\\/www.frauenpodiumgossau-zh.ch\\\/index.php\\\/2020\\\/06\\\/16\\\/gesundheitsschutz\\\/#article\",\"isPartOf\":{\"@id\":\"https:\\\/\\\/www.frauenpodiumgossau-zh.ch\\\/index.php\\\/2020\\\/06\\\/16\\\/gesundheitsschutz\\\/\"},\"author\":{\"name\":\"admin\",\"@id\":\"https:\\\/\\\/www.frauenpodiumgossau-zh.ch\\\/#\\\/schema\\\/person\\\/7e3d71bb4d55ff272302782fa36381b8\"},\"headline\":\"Gesundheitsschutz\",\"datePublished\":\"2020-06-16T12:49:51+00:00\",\"dateModified\":\"2025-08-22T13:37:24+00:00\",\"mainEntityOfPage\":{\"@id\":\"https:\\\/\\\/www.frauenpodiumgossau-zh.ch\\\/index.php\\\/2020\\\/06\\\/16\\\/gesundheitsschutz\\\/\"},\"wordCount\":47,\"commentCount\":0,\"publisher\":{\"@id\":\"https:\\\/\\\/www.frauenpodiumgossau-zh.ch\\\/#organization\"},\"image\":{\"@id\":\"https:\\\/\\\/www.frauenpodiumgossau-zh.ch\\\/index.php\\\/2020\\\/06\\\/16\\\/gesundheitsschutz\\\/#primaryimage\"},\"thumbnailUrl\":\"https:\\\/\\\/www.frauenpodiumgossau-zh.ch\\\/wp-content\\\/uploads\\\/2020\\\/07\\\/BAG_Pictos_06_CoVi_blau_1080x1080_rgb_007-1024x1024.png\",\"articleSection\":[\"News\"],\"inLanguage\":\"de\",\"potentialAction\":[{\"@type\":\"CommentAction\",\"name\":\"Comment\",\"target\":[\"https:\\\/\\\/www.frauenpodiumgossau-zh.ch\\\/index.php\\\/2020\\\/06\\\/16\\\/gesundheitsschutz\\\/#respond\"]}]},{\"@type\":\"WebPage\",\"@id\":\"https:\\\/\\\/www.frauenpodiumgossau-zh.ch\\\/index.php\\\/2020\\\/06\\\/16\\\/gesundheitsschutz\\\/\",\"url\":\"https:\\\/\\\/www.frauenpodiumgossau-zh.ch\\\/index.php\\\/2020\\\/06\\\/16\\\/gesundheitsschutz\\\/\",\"name\":\"Gesundheitsschutz - Politisches Frauenpodium Gossau ZH\",\"isPartOf\":{\"@id\":\"https:\\\/\\\/www.frauenpodiumgossau-zh.ch\\\/#website\"},\"primaryImageOfPage\":{\"@id\":\"https:\\\/\\\/www.frauenpodiumgossau-zh.ch\\\/index.php\\\/2020\\\/06\\\/16\\\/gesundheitsschutz\\\/#primaryimage\"},\"image\":{\"@id\":\"https:\\\/\\\/www.frauenpodiumgossau-zh.ch\\\/index.php\\\/2020\\\/06\\\/16\\\/gesundheitsschutz\\\/#primaryimage\"},\"thumbnailUrl\":\"https:\\\/\\\/www.frauenpodiumgossau-zh.ch\\\/wp-content\\\/uploads\\\/2020\\\/07\\\/BAG_Pictos_06_CoVi_blau_1080x1080_rgb_007-1024x1024.png\",\"datePublished\":\"2020-06-16T12:49:51+00:00\",\"dateModified\":\"2025-08-22T13:37:24+00:00\",\"breadcrumb\":{\"@id\":\"https:\\\/\\\/www.frauenpodiumgossau-zh.ch\\\/index.php\\\/2020\\\/06\\\/16\\\/gesundheitsschutz\\\/#breadcrumb\"},\"inLanguage\":\"de\",\"potentialAction\":[{\"@type\":\"ReadAction\",\"target\":[\"https:\\\/\\\/www.frauenpodiumgossau-zh.ch\\\/index.php\\\/2020\\\/06\\\/16\\\/gesundheitsschutz\\\/\"]}]},{\"@type\":\"ImageObject\",\"inLanguage\":\"de\",\"@id\":\"https:\\\/\\\/www.frauenpodiumgossau-zh.ch\\\/index.php\\\/2020\\\/06\\\/16\\\/gesundheitsschutz\\\/#primaryimage\",\"url\":\"https:\\\/\\\/www.frauenpodiumgossau-zh.ch\\\/wp-content\\\/uploads\\\/2020\\\/07\\\/BAG_Pictos_06_CoVi_blau_1080x1080_rgb_007.png\",\"contentUrl\":\"https:\\\/\\\/www.frauenpodiumgossau-zh.ch\\\/wp-content\\\/uploads\\\/2020\\\/07\\\/BAG_Pictos_06_CoVi_blau_1080x1080_rgb_007.png\",\"width\":1080,\"height\":1080},{\"@type\":\"BreadcrumbList\",\"@id\":\"https:\\\/\\\/www.frauenpodiumgossau-zh.ch\\\/index.php\\\/2020\\\/06\\\/16\\\/gesundheitsschutz\\\/#breadcrumb\",\"itemListElement\":[{\"@type\":\"ListItem\",\"position\":1,\"name\":\"Startseite\",\"item\":\"https:\\\/\\\/www.frauenpodiumgossau-zh.ch\\\/\"},{\"@type\":\"ListItem\",\"position\":2,\"name\":\"Gesundheitsschutz\"}]},{\"@type\":\"WebSite\",\"@id\":\"https:\\\/\\\/www.frauenpodiumgossau-zh.ch\\\/#website\",\"url\":\"https:\\\/\\\/www.frauenpodiumgossau-zh.ch\\\/\",\"name\":\"Politisches Frauenpodium Gossau ZH\",\"description\":\"Z\u00e4me z Wort cho\",\"publisher\":{\"@id\":\"https:\\\/\\\/www.frauenpodiumgossau-zh.ch\\\/#organization\"},\"potentialAction\":[{\"@type\":\"SearchAction\",\"target\":{\"@type\":\"EntryPoint\",\"urlTemplate\":\"https:\\\/\\\/www.frauenpodiumgossau-zh.ch\\\/?s={search_term_string}\"},\"query-input\":{\"@type\":\"PropertyValueSpecification\",\"valueRequired\":true,\"valueName\":\"search_term_string\"}}],\"inLanguage\":\"de\"},{\"@type\":\"Organization\",\"@id\":\"https:\\\/\\\/www.frauenpodiumgossau-zh.ch\\\/#organization\",\"name\":\"Politisches Frauenpodium Gossau ZH\",\"url\":\"https:\\\/\\\/www.frauenpodiumgossau-zh.ch\\\/\",\"logo\":{\"@type\":\"ImageObject\",\"inLanguage\":\"de\",\"@id\":\"https:\\\/\\\/www.frauenpodiumgossau-zh.ch\\\/#\\\/schema\\\/logo\\\/image\\\/\",\"url\":\"https:\\\/\\\/www.frauenpodiumgossau-zh.ch\\\/wp-content\\\/uploads\\\/2020\\\/01\\\/Frauenpodium-Logo-lila-ohne-Text.jpg\",\"contentUrl\":\"https:\\\/\\\/www.frauenpodiumgossau-zh.ch\\\/wp-content\\\/uploads\\\/2020\\\/01\\\/Frauenpodium-Logo-lila-ohne-Text.jpg\",\"width\":1480,\"height\":1200,\"caption\":\"Politisches Frauenpodium Gossau ZH\"},\"image\":{\"@id\":\"https:\\\/\\\/www.frauenpodiumgossau-zh.ch\\\/#\\\/schema\\\/logo\\\/image\\\/\"}},{\"@type\":\"Person\",\"@id\":\"https:\\\/\\\/www.frauenpodiumgossau-zh.ch\\\/#\\\/schema\\\/person\\\/7e3d71bb4d55ff272302782fa36381b8\",\"name\":\"admin\",\"image\":{\"@type\":\"ImageObject\",\"inLanguage\":\"de\",\"@id\":\"https:\\\/\\\/secure.gravatar.com\\\/avatar\\\/c9ad5a5e75381a98acc7a6f92eeee9d0a51e2541002d70c1dac4691ddb5cab2b?s=96&d=mm&r=g\",\"url\":\"https:\\\/\\\/secure.gravatar.com\\\/avatar\\\/c9ad5a5e75381a98acc7a6f92eeee9d0a51e2541002d70c1dac4691ddb5cab2b?s=96&d=mm&r=g\",\"contentUrl\":\"https:\\\/\\\/secure.gravatar.com\\\/avatar\\\/c9ad5a5e75381a98acc7a6f92eeee9d0a51e2541002d70c1dac4691ddb5cab2b?s=96&d=mm&r=g\",\"caption\":\"admin\"},\"url\":\"https:\\\/\\\/www.frauenpodiumgossau-zh.ch\\\/index.php\\\/author\\\/richard_vvkm1238\\\/\"}]}<\/script>\n<!-- \/ Yoast SEO plugin. -->","yoast_head_json":{"title":"Gesundheitsschutz - Politisches Frauenpodium Gossau ZH","robots":{"index":"index","follow":"follow","max-snippet":"max-snippet:-1","max-image-preview":"max-image-preview:large","max-video-preview":"max-video-preview:-1"},"canonical":"https:\/\/www.frauenpodiumgossau-zh.ch\/index.php\/2020\/06\/16\/gesundheitsschutz\/","og_locale":"de_DE","og_type":"article","og_title":"Gesundheitsschutz - Politisches Frauenpodium Gossau ZH","og_description":"Coronavorsorge am Mittwoch 23. September Der Singsaal Wolfrichti bietet 200 Sitzpl\u00e4tze &#8211; auch mit Abstand immer gen\u00fcgend Platz f\u00fcr Sie und das ganze Publikum. Maske tragen, weil 1,5 m Abstand nicht m\u00f6glich ist &#8211; gratis am Eingang Hand Desinfektion Abstand halten am Eingang und Ausgang","og_url":"https:\/\/www.frauenpodiumgossau-zh.ch\/index.php\/2020\/06\/16\/gesundheitsschutz\/","og_site_name":"Politisches Frauenpodium Gossau ZH","article_published_time":"2020-06-16T12:49:51+00:00","article_modified_time":"2025-08-22T13:37:24+00:00","og_image":[{"width":1080,"height":1080,"url":"https:\/\/www.frauenpodiumgossau-zh.ch\/wp-content\/uploads\/2020\/07\/BAG_Pictos_06_CoVi_blau_1080x1080_rgb_007.png","type":"image\/png"}],"author":"admin","twitter_card":"summary_large_image","twitter_misc":{"Verfasst von":false},"schema":{"@context":"https:\/\/schema.org","@graph":[{"@type":"Article","@id":"https:\/\/www.frauenpodiumgossau-zh.ch\/index.php\/2020\/06\/16\/gesundheitsschutz\/#article","isPartOf":{"@id":"https:\/\/www.frauenpodiumgossau-zh.ch\/index.php\/2020\/06\/16\/gesundheitsschutz\/"},"author":{"name":"admin","@id":"https:\/\/www.frauenpodiumgossau-zh.ch\/#\/schema\/person\/7e3d71bb4d55ff272302782fa36381b8"},"headline":"Gesundheitsschutz","datePublished":"2020-06-16T12:49:51+00:00","dateModified":"2025-08-22T13:37:24+00:00","mainEntityOfPage":{"@id":"https:\/\/www.frauenpodiumgossau-zh.ch\/index.php\/2020\/06\/16\/gesundheitsschutz\/"},"wordCount":47,"commentCount":0,"publisher":{"@id":"https:\/\/www.frauenpodiumgossau-zh.ch\/#organization"},"image":{"@id":"https:\/\/www.frauenpodiumgossau-zh.ch\/index.php\/2020\/06\/16\/gesundheitsschutz\/#primaryimage"},"thumbnailUrl":"https:\/\/www.frauenpodiumgossau-zh.ch\/wp-content\/uploads\/2020\/07\/BAG_Pictos_06_CoVi_blau_1080x1080_rgb_007-1024x1024.png","articleSection":["News"],"inLanguage":"de","potentialAction":[{"@type":"CommentAction","name":"Comment","target":["https:\/\/www.frauenpodiumgossau-zh.ch\/index.php\/2020\/06\/16\/gesundheitsschutz\/#respond"]}]},{"@type":"WebPage","@id":"https:\/\/www.frauenpodiumgossau-zh.ch\/index.php\/2020\/06\/16\/gesundheitsschutz\/","url":"https:\/\/www.frauenpodiumgossau-zh.ch\/index.php\/2020\/06\/16\/gesundheitsschutz\/","name":"Gesundheitsschutz - Politisches Frauenpodium Gossau ZH","isPartOf":{"@id":"https:\/\/www.frauenpodiumgossau-zh.ch\/#website"},"primaryImageOfPage":{"@id":"https:\/\/www.frauenpodiumgossau-zh.ch\/index.php\/2020\/06\/16\/gesundheitsschutz\/#primaryimage"},"image":{"@id":"https:\/\/www.frauenpodiumgossau-zh.ch\/index.php\/2020\/06\/16\/gesundheitsschutz\/#primaryimage"},"thumbnailUrl":"https:\/\/www.frauenpodiumgossau-zh.ch\/wp-content\/uploads\/2020\/07\/BAG_Pictos_06_CoVi_blau_1080x1080_rgb_007-1024x1024.png","datePublished":"2020-06-16T12:49:51+00:00","dateModified":"2025-08-22T13:37:24+00:00","breadcrumb":{"@id":"https:\/\/www.frauenpodiumgossau-zh.ch\/index.php\/2020\/06\/16\/gesundheitsschutz\/#breadcrumb"},"inLanguage":"de","potentialAction":[{"@type":"ReadAction","target":["https:\/\/www.frauenpodiumgossau-zh.ch\/index.php\/2020\/06\/16\/gesundheitsschutz\/"]}]},{"@type":"ImageObject","inLanguage":"de","@id":"https:\/\/www.frauenpodiumgossau-zh.ch\/index.php\/2020\/06\/16\/gesundheitsschutz\/#primaryimage","url":"https:\/\/www.frauenpodiumgossau-zh.ch\/wp-content\/uploads\/2020\/07\/BAG_Pictos_06_CoVi_blau_1080x1080_rgb_007.png","contentUrl":"https:\/\/www.frauenpodiumgossau-zh.ch\/wp-content\/uploads\/2020\/07\/BAG_Pictos_06_CoVi_blau_1080x1080_rgb_007.png","width":1080,"height":1080},{"@type":"BreadcrumbList","@id":"https:\/\/www.frauenpodiumgossau-zh.ch\/index.php\/2020\/06\/16\/gesundheitsschutz\/#breadcrumb","itemListElement":[{"@type":"ListItem","position":1,"name":"Startseite","item":"https:\/\/www.frauenpodiumgossau-zh.ch\/"},{"@type":"ListItem","position":2,"name":"Gesundheitsschutz"}]},{"@type":"WebSite","@id":"https:\/\/www.frauenpodiumgossau-zh.ch\/#website","url":"https:\/\/www.frauenpodiumgossau-zh.ch\/","name":"Politisches Frauenpodium Gossau ZH","description":"Z\u00e4me z Wort cho","publisher":{"@id":"https:\/\/www.frauenpodiumgossau-zh.ch\/#organization"},"potentialAction":[{"@type":"SearchAction","target":{"@type":"EntryPoint","urlTemplate":"https:\/\/www.frauenpodiumgossau-zh.ch\/?s={search_term_string}"},"query-input":{"@type":"PropertyValueSpecification","valueRequired":true,"valueName":"search_term_string"}}],"inLanguage":"de"},{"@type":"Organization","@id":"https:\/\/www.frauenpodiumgossau-zh.ch\/#organization","name":"Politisches Frauenpodium Gossau ZH","url":"https:\/\/www.frauenpodiumgossau-zh.ch\/","logo":{"@type":"ImageObject","inLanguage":"de","@id":"https:\/\/www.frauenpodiumgossau-zh.ch\/#\/schema\/logo\/image\/","url":"https:\/\/www.frauenpodiumgossau-zh.ch\/wp-content\/uploads\/2020\/01\/Frauenpodium-Logo-lila-ohne-Text.jpg","contentUrl":"https:\/\/www.frauenpodiumgossau-zh.ch\/wp-content\/uploads\/2020\/01\/Frauenpodium-Logo-lila-ohne-Text.jpg","width":1480,"height":1200,"caption":"Politisches Frauenpodium Gossau ZH"},"image":{"@id":"https:\/\/www.frauenpodiumgossau-zh.ch\/#\/schema\/logo\/image\/"}},{"@type":"Person","@id":"https:\/\/www.frauenpodiumgossau-zh.ch\/#\/schema\/person\/7e3d71bb4d55ff272302782fa36381b8","name":"admin","image":{"@type":"ImageObject","inLanguage":"de","@id":"https:\/\/secure.gravatar.com\/avatar\/c9ad5a5e75381a98acc7a6f92eeee9d0a51e2541002d70c1dac4691ddb5cab2b?s=96&d=mm&r=g","url":"https:\/\/secure.gravatar.com\/avatar\/c9ad5a5e75381a98acc7a6f92eeee9d0a51e2541002d70c1dac4691ddb5cab2b?s=96&d=mm&r=g","contentUrl":"https:\/\/secure.gravatar.com\/avatar\/c9ad5a5e75381a98acc7a6f92eeee9d0a51e2541002d70c1dac4691ddb5cab2b?s=96&d=mm&r=g","caption":"admin"},"url":"https:\/\/www.frauenpodiumgossau-zh.ch\/index.php\/author\/richard_vvkm1238\/"}]}},"_links":{"self":[{"href":"https:\/\/www.frauenpodiumgossau-zh.ch\/index.php\/wp-json\/wp\/v2\/posts\/203","targetHints":{"allow":["GET"]}}],"collection":[{"href":"https:\/\/www.frauenpodiumgossau-zh.ch\/index.php\/wp-json\/wp\/v2\/posts"}],"about":[{"href":"https:\/\/www.frauenpodiumgossau-zh.ch\/index.php\/wp-json\/wp\/v2\/types\/post"}],"author":[{"embeddable":true,"href":"https:\/\/www.frauenpodiumgossau-zh.ch\/index.php\/wp-json\/wp\/v2\/users\/1"}],"replies":[{"embeddable":true,"href":"https:\/\/www.frauenpodiumgossau-zh.ch\/index.php\/wp-json\/wp\/v2\/comments?post=203"}],"version-history":[{"count":10,"href":"https:\/\/www.frauenpodiumgossau-zh.ch\/index.php\/wp-json\/wp\/v2\/posts\/203\/revisions"}],"predecessor-version":[{"id":232,"href":"https:\/\/www.frauenpodiumgossau-zh.ch\/index.php\/wp-json\/wp\/v2\/posts\/203\/revisions\/232"}],"wp:attachment":[{"href":"https:\/\/www.frauenpodiumgossau-zh.ch\/index.php\/wp-json\/wp\/v2\/media?parent=203"}],"wp:term":[{"taxonomy":"category","embeddable":true,"href":"https:\/\/www.frauenpodiumgossau-zh.ch\/index.php\/wp-json\/wp\/v2\/categories?post=203"},{"taxonomy":"post_tag","embeddable":true,"href":"https:\/\/www.frauenpodiumgossau-zh.ch\/index.php\/wp-json\/wp\/v2\/tags?post=203"}],"curies":[{"name":"wp","href":"https:\/\/api.w.org\/{rel}","templated":true}]}}