{"id":425,"date":"2021-07-08T09:22:24","date_gmt":"2021-07-08T09:22:24","guid":{"rendered":"https:\/\/www.frauenpodiumgossau-zh.ch\/?p=425"},"modified":"2025-08-22T13:18:48","modified_gmt":"2025-08-22T13:18:48","slug":"gossau-fiired-2-bis-4-juli","status":"publish","type":"post","link":"https:\/\/www.frauenpodiumgossau-zh.ch\/index.php\/2021\/07\/08\/gossau-fiired-2-bis-4-juli\/","title":{"rendered":"&#8218;Gossau fiired&#8216; 2. bis 4. Juli"},"content":{"rendered":"\n<div class=\"wp-block-media-text alignwide is-stacked-on-mobile\"><figure class=\"wp-block-media-text__media\"><img loading=\"lazy\" decoding=\"async\" width=\"1024\" height=\"768\" src=\"https:\/\/www.frauenpodiumgossau-zh.ch\/wp-content\/uploads\/2021\/07\/IMG-20210704-WA0004-1024x768.jpg\" alt=\"\" class=\"wp-image-426 size-full\" srcset=\"https:\/\/www.frauenpodiumgossau-zh.ch\/wp-content\/uploads\/2021\/07\/IMG-20210704-WA0004-1024x768.jpg 1024w, https:\/\/www.frauenpodiumgossau-zh.ch\/wp-content\/uploads\/2021\/07\/IMG-20210704-WA0004-300x225.jpg 300w, https:\/\/www.frauenpodiumgossau-zh.ch\/wp-content\/uploads\/2021\/07\/IMG-20210704-WA0004-768x576.jpg 768w, https:\/\/www.frauenpodiumgossau-zh.ch\/wp-content\/uploads\/2021\/07\/IMG-20210704-WA0004-1536x1152.jpg 1536w, https:\/\/www.frauenpodiumgossau-zh.ch\/wp-content\/uploads\/2021\/07\/IMG-20210704-WA0004.jpg 2016w\" sizes=\"auto, (max-width: 767px) 89vw, (max-width: 1000px) 54vw, (max-width: 1071px) 543px, 580px\" \/><\/figure><div class=\"wp-block-media-text__content\">\n<p class=\"has-medium-font-size wp-block-paragraph\"><span class=\"has-inline-color has-vivid-purple-color\">Ein H\u00f6hepunkt war der Besuch von Regierungspr\u00e4sidentin Jacqueline Fehr<\/span> <span class=\"has-inline-color has-vivid-purple-color\">an unserem Stand nach dem Er\u00f6ffnungsakt am Samstag<\/span><\/p>\n<\/div><\/div>\n\n\n\n<p class=\"wp-block-paragraph\">Jacqueline Fehr unterst\u00fctzt die Kommunalwahlen 2022 mit den Informationstreffen von &#8222;<a href=\"https:\/\/www.clever-frauen-waehlen.ch\/\" target=\"_blank\" rel=\"noreferrer noopener\">Z\u00fcri-L\u00f6winnen br\u00fcllen<\/a>&#8220; f\u00fcr mehr Frauen in der Politik. Mach Politik vor Ort! &#8211; Bild (von links nach rechts): Katharina Schlegel, Barbara Weidmann, Andrea Hadorn-Stuker, Jacqueline Fehr, Roswitha Zangl Widmer, Rahel Hefti Forster, Regula Hehli, Sylvia Veraguth.<\/p>\n\n\n\n<div class=\"wp-block-media-text alignwide is-stacked-on-mobile\"><figure class=\"wp-block-media-text__media\"><img loading=\"lazy\" decoding=\"async\" width=\"709\" height=\"1024\" src=\"https:\/\/www.frauenpodiumgossau-zh.ch\/wp-content\/uploads\/2021\/07\/Quiz-709x1024.jpg\" alt=\"\" class=\"wp-image-433 size-full\" srcset=\"https:\/\/www.frauenpodiumgossau-zh.ch\/wp-content\/uploads\/2021\/07\/Quiz-709x1024.jpg 709w, https:\/\/www.frauenpodiumgossau-zh.ch\/wp-content\/uploads\/2021\/07\/Quiz-208x300.jpg 208w, https:\/\/www.frauenpodiumgossau-zh.ch\/wp-content\/uploads\/2021\/07\/Quiz.jpg 720w\" sizes=\"auto, (max-width: 709px) 100vw, 709px\" \/><\/figure><div class=\"wp-block-media-text__content\">\n<p class=\"has-normal-font-size wp-block-paragraph\" style=\"line-height:1.2\">Die richtigen Quiz-Antworten sind:<\/p>\n\n\n\n<p class=\"has-normal-font-size wp-block-paragraph\" style=\"line-height:1.2\">1971<\/p>\n\n\n\n<p class=\"has-normal-font-size wp-block-paragraph\" style=\"line-height:1.2\">Jacqueline Fehr SP<\/p>\n\n\n\n<p class=\"has-normal-font-size wp-block-paragraph\" style=\"line-height:1.2\">Elisabeth Kopp FDP<\/p>\n\n\n\n<p class=\"has-normal-font-size wp-block-paragraph\" style=\"line-height:1.2\">Hedi Lang SP, Lilian Uchtenhagen SP, Martha Ribi FDP<\/p>\n\n\n\n<p class=\"has-normal-font-size wp-block-paragraph\" style=\"line-height:1.2\">Emilie Lieberherr SP<\/p>\n\n\n\n<p class=\"has-normal-font-size wp-block-paragraph\" style=\"line-height:1.2\">20.2.2021<\/p>\n\n\n\n<p class=\"has-normal-font-size wp-block-paragraph\" style=\"line-height:1.2\">Yolanda Allmann<\/p>\n\n\n\n<p class=\"has-normal-font-size wp-block-paragraph\" style=\"line-height:1.2\">1995<\/p>\n<\/div><\/div>\n\n\n\n<p class=\"wp-block-paragraph\">Der Genusskorb 1 geht an Wunderlin in Bertschikon. Der Genusskorb 2 geht an Marbet in Gr\u00fct. Der Genusskorb 3 geht an Schifferli in Gossau. Die Gossauerli gehen an Preisig in Gr\u00fct. Herzliche Gratulation!<\/p>\n\n\n\n<div class=\"wp-block-media-text alignwide is-stacked-on-mobile\"><figure class=\"wp-block-media-text__media\"><img loading=\"lazy\" decoding=\"async\" width=\"1024\" height=\"722\" src=\"https:\/\/www.frauenpodiumgossau-zh.ch\/wp-content\/uploads\/2021\/07\/IMG_20210708_111907-1024x722.jpg\" alt=\"\" class=\"wp-image-431 size-full\" srcset=\"https:\/\/www.frauenpodiumgossau-zh.ch\/wp-content\/uploads\/2021\/07\/IMG_20210708_111907-1024x722.jpg 1024w, https:\/\/www.frauenpodiumgossau-zh.ch\/wp-content\/uploads\/2021\/07\/IMG_20210708_111907-300x212.jpg 300w, https:\/\/www.frauenpodiumgossau-zh.ch\/wp-content\/uploads\/2021\/07\/IMG_20210708_111907-768x542.jpg 768w, https:\/\/www.frauenpodiumgossau-zh.ch\/wp-content\/uploads\/2021\/07\/IMG_20210708_111907-1536x1084.jpg 1536w, https:\/\/www.frauenpodiumgossau-zh.ch\/wp-content\/uploads\/2021\/07\/IMG_20210708_111907-2048x1445.jpg 2048w\" sizes=\"auto, (max-width: 767px) 89vw, (max-width: 1000px) 54vw, (max-width: 1071px) 543px, 580px\" \/><\/figure><div class=\"wp-block-media-text__content\">\n<p class=\"wp-block-paragraph\" style=\"font-size:24px;line-height:1.5\">Lupiinli<\/p>\n\n\n\n<p class=\"has-normal-font-size wp-block-paragraph\" style=\"line-height:1.5\">Zutaten (vegan): Mehl, Zucker, Raps\u00f6lzubereitung, Lupinenmehl, Kartoffelst\u00e4rke, Backpulver, Zitronenschale bio, Salz<br>\u00dcberzug: Gummi Arabicum, Safran<\/p>\n<\/div><\/div>\n\n\n\n<h1 class=\"wp-block-heading\">&#8218;Gossau fiired&#8216; 2. bis 4. Juli<\/h1>\n\n\n\n<h4 class=\"wp-block-heading\">Freitag bis Sonntag, Bergstrasse vor der neuen AL Arena<\/h4>\n\n\n\n<p class=\"wp-block-paragraph\">An unserem Stand feiern wir das Schweizerische Frauenstimmrechtsjubil\u00e4um 2021 mit einem Quiz mit Preisen, mit der Abgabe statt Verkostung des Vereins-eigenen &#8218;Lupiinli&#8216; S\u00fcssgeb\u00e4cks und mit der Galerie der bekannten und unbekannten Gesichter unserer Mitglieder in den Gossauer Beh\u00f6rden seit 1994. Film- und Buchhinweise zum Jubil\u00e4um vervollst\u00e4ndigen unser Angebot. &#8211; Das Programm des ganzen Festes finden Sie hier <a rel=\"noreferrer noopener\" href=\"https:\/\/www.gossau-fiired.ch\" target=\"_blank\">http:\/\/www.gossau-fiired.ch<\/a><\/p>\n","protected":false},"excerpt":{"rendered":"<p>Ein H\u00f6hepunkt war der Besuch von Regierungspr\u00e4sidentin Jacqueline Fehr an unserem Stand nach dem Er\u00f6ffnungsakt am Samstag Jacqueline Fehr unterst\u00fctzt die Kommunalwahlen 2022 mit den Informationstreffen von &#8222;Z\u00fcri-L\u00f6winnen br\u00fcllen&#8220; f\u00fcr mehr Frauen in der Politik. Mach Politik vor Ort! &#8211; Bild (von links nach rechts): Katharina Schlegel, Barbara Weidmann, Andrea Hadorn-Stuker, Jacqueline Fehr, Roswitha Zangl &hellip; <\/p>\n<p class=\"link-more\"><a href=\"https:\/\/www.frauenpodiumgossau-zh.ch\/index.php\/2021\/07\/08\/gossau-fiired-2-bis-4-juli\/\" class=\"more-link\"><span class=\"screen-reader-text\">\u201e&#8218;Gossau fiired&#8216; 2. bis 4. Juli\u201c <\/span>weiterlesen<\/a><\/p>\n","protected":false},"author":1,"featured_media":0,"comment_status":"closed","ping_status":"open","sticky":false,"template":"","format":"standard","meta":{"footnotes":""},"categories":[1],"tags":[],"class_list":["post-425","post","type-post","status-publish","format-standard","hentry","category-veranstaltungen"],"yoast_head":"<!-- This site is optimized with the Yoast SEO plugin v27.7 - https:\/\/yoast.com\/product\/yoast-seo-wordpress\/ -->\n<title>&#039;Gossau fiired&#039; 2. bis 4. Juli - Politisches Frauenpodium Gossau ZH<\/title>\n<meta name=\"robots\" content=\"index, follow, max-snippet:-1, max-image-preview:large, max-video-preview:-1\" \/>\n<link rel=\"canonical\" href=\"https:\/\/www.frauenpodiumgossau-zh.ch\/index.php\/2021\/07\/08\/gossau-fiired-2-bis-4-juli\/\" \/>\n<meta property=\"og:locale\" content=\"de_DE\" \/>\n<meta property=\"og:type\" content=\"article\" \/>\n<meta property=\"og:title\" content=\"&#039;Gossau fiired&#039; 2. bis 4. Juli - Politisches Frauenpodium Gossau ZH\" \/>\n<meta property=\"og:description\" content=\"Ein H\u00f6hepunkt war der Besuch von Regierungspr\u00e4sidentin Jacqueline Fehr an unserem Stand nach dem Er\u00f6ffnungsakt am Samstag Jacqueline Fehr unterst\u00fctzt die Kommunalwahlen 2022 mit den Informationstreffen von &#8222;Z\u00fcri-L\u00f6winnen br\u00fcllen&#8220; f\u00fcr mehr Frauen in der Politik. Mach Politik vor Ort! &#8211; Bild (von links nach rechts): Katharina Schlegel, Barbara Weidmann, Andrea Hadorn-Stuker, Jacqueline Fehr, Roswitha Zangl &hellip; \u201e&#8218;Gossau fiired&#8216; 2. bis 4. Juli\u201c weiterlesen\" \/>\n<meta property=\"og:url\" content=\"https:\/\/www.frauenpodiumgossau-zh.ch\/index.php\/2021\/07\/08\/gossau-fiired-2-bis-4-juli\/\" \/>\n<meta property=\"og:site_name\" content=\"Politisches Frauenpodium Gossau ZH\" \/>\n<meta property=\"article:published_time\" content=\"2021-07-08T09:22:24+00:00\" \/>\n<meta property=\"article:modified_time\" content=\"2025-08-22T13:18:48+00:00\" \/>\n<meta property=\"og:image\" content=\"https:\/\/www.frauenpodiumgossau-zh.ch\/wp-content\/uploads\/2021\/07\/IMG-20210704-WA0004.jpg\" \/>\n\t<meta property=\"og:image:width\" content=\"2016\" \/>\n\t<meta property=\"og:image:height\" content=\"1512\" \/>\n\t<meta property=\"og:image:type\" content=\"image\/jpeg\" \/>\n<meta name=\"author\" content=\"admin\" \/>\n<meta name=\"twitter:card\" content=\"summary_large_image\" \/>\n<meta name=\"twitter:label1\" content=\"Verfasst von\" \/>\n\t<meta name=\"twitter:data1\" content=\"\" \/>\n\t<meta name=\"twitter:label2\" content=\"Gesch\u00e4tzte Lesezeit\" \/>\n\t<meta name=\"twitter:data2\" content=\"1\u00a0Minute\" \/>\n<script type=\"application\/ld+json\" class=\"yoast-schema-graph\">{\"@context\":\"https:\\\/\\\/schema.org\",\"@graph\":[{\"@type\":\"Article\",\"@id\":\"https:\\\/\\\/www.frauenpodiumgossau-zh.ch\\\/index.php\\\/2021\\\/07\\\/08\\\/gossau-fiired-2-bis-4-juli\\\/#article\",\"isPartOf\":{\"@id\":\"https:\\\/\\\/www.frauenpodiumgossau-zh.ch\\\/index.php\\\/2021\\\/07\\\/08\\\/gossau-fiired-2-bis-4-juli\\\/\"},\"author\":{\"name\":\"admin\",\"@id\":\"https:\\\/\\\/www.frauenpodiumgossau-zh.ch\\\/#\\\/schema\\\/person\\\/7e3d71bb4d55ff272302782fa36381b8\"},\"headline\":\"&#8218;Gossau fiired&#8216; 2. bis 4. Juli\",\"datePublished\":\"2021-07-08T09:22:24+00:00\",\"dateModified\":\"2025-08-22T13:18:48+00:00\",\"mainEntityOfPage\":{\"@id\":\"https:\\\/\\\/www.frauenpodiumgossau-zh.ch\\\/index.php\\\/2021\\\/07\\\/08\\\/gossau-fiired-2-bis-4-juli\\\/\"},\"wordCount\":226,\"publisher\":{\"@id\":\"https:\\\/\\\/www.frauenpodiumgossau-zh.ch\\\/#organization\"},\"image\":{\"@id\":\"https:\\\/\\\/www.frauenpodiumgossau-zh.ch\\\/index.php\\\/2021\\\/07\\\/08\\\/gossau-fiired-2-bis-4-juli\\\/#primaryimage\"},\"thumbnailUrl\":\"https:\\\/\\\/www.frauenpodiumgossau-zh.ch\\\/wp-content\\\/uploads\\\/2021\\\/07\\\/IMG-20210704-WA0004-1024x768.jpg\",\"articleSection\":[\"Veranstaltungen\"],\"inLanguage\":\"de\"},{\"@type\":\"WebPage\",\"@id\":\"https:\\\/\\\/www.frauenpodiumgossau-zh.ch\\\/index.php\\\/2021\\\/07\\\/08\\\/gossau-fiired-2-bis-4-juli\\\/\",\"url\":\"https:\\\/\\\/www.frauenpodiumgossau-zh.ch\\\/index.php\\\/2021\\\/07\\\/08\\\/gossau-fiired-2-bis-4-juli\\\/\",\"name\":\"'Gossau fiired' 2. bis 4. Juli - Politisches Frauenpodium Gossau ZH\",\"isPartOf\":{\"@id\":\"https:\\\/\\\/www.frauenpodiumgossau-zh.ch\\\/#website\"},\"primaryImageOfPage\":{\"@id\":\"https:\\\/\\\/www.frauenpodiumgossau-zh.ch\\\/index.php\\\/2021\\\/07\\\/08\\\/gossau-fiired-2-bis-4-juli\\\/#primaryimage\"},\"image\":{\"@id\":\"https:\\\/\\\/www.frauenpodiumgossau-zh.ch\\\/index.php\\\/2021\\\/07\\\/08\\\/gossau-fiired-2-bis-4-juli\\\/#primaryimage\"},\"thumbnailUrl\":\"https:\\\/\\\/www.frauenpodiumgossau-zh.ch\\\/wp-content\\\/uploads\\\/2021\\\/07\\\/IMG-20210704-WA0004-1024x768.jpg\",\"datePublished\":\"2021-07-08T09:22:24+00:00\",\"dateModified\":\"2025-08-22T13:18:48+00:00\",\"breadcrumb\":{\"@id\":\"https:\\\/\\\/www.frauenpodiumgossau-zh.ch\\\/index.php\\\/2021\\\/07\\\/08\\\/gossau-fiired-2-bis-4-juli\\\/#breadcrumb\"},\"inLanguage\":\"de\",\"potentialAction\":[{\"@type\":\"ReadAction\",\"target\":[\"https:\\\/\\\/www.frauenpodiumgossau-zh.ch\\\/index.php\\\/2021\\\/07\\\/08\\\/gossau-fiired-2-bis-4-juli\\\/\"]}]},{\"@type\":\"ImageObject\",\"inLanguage\":\"de\",\"@id\":\"https:\\\/\\\/www.frauenpodiumgossau-zh.ch\\\/index.php\\\/2021\\\/07\\\/08\\\/gossau-fiired-2-bis-4-juli\\\/#primaryimage\",\"url\":\"https:\\\/\\\/www.frauenpodiumgossau-zh.ch\\\/wp-content\\\/uploads\\\/2021\\\/07\\\/IMG-20210704-WA0004.jpg\",\"contentUrl\":\"https:\\\/\\\/www.frauenpodiumgossau-zh.ch\\\/wp-content\\\/uploads\\\/2021\\\/07\\\/IMG-20210704-WA0004.jpg\",\"width\":2016,\"height\":1512},{\"@type\":\"BreadcrumbList\",\"@id\":\"https:\\\/\\\/www.frauenpodiumgossau-zh.ch\\\/index.php\\\/2021\\\/07\\\/08\\\/gossau-fiired-2-bis-4-juli\\\/#breadcrumb\",\"itemListElement\":[{\"@type\":\"ListItem\",\"position\":1,\"name\":\"Startseite\",\"item\":\"https:\\\/\\\/www.frauenpodiumgossau-zh.ch\\\/\"},{\"@type\":\"ListItem\",\"position\":2,\"name\":\"&#8218;Gossau fiired&#8216; 2. bis 4. Juli\"}]},{\"@type\":\"WebSite\",\"@id\":\"https:\\\/\\\/www.frauenpodiumgossau-zh.ch\\\/#website\",\"url\":\"https:\\\/\\\/www.frauenpodiumgossau-zh.ch\\\/\",\"name\":\"Politisches Frauenpodium Gossau ZH\",\"description\":\"Z\u00e4me z Wort cho\",\"publisher\":{\"@id\":\"https:\\\/\\\/www.frauenpodiumgossau-zh.ch\\\/#organization\"},\"potentialAction\":[{\"@type\":\"SearchAction\",\"target\":{\"@type\":\"EntryPoint\",\"urlTemplate\":\"https:\\\/\\\/www.frauenpodiumgossau-zh.ch\\\/?s={search_term_string}\"},\"query-input\":{\"@type\":\"PropertyValueSpecification\",\"valueRequired\":true,\"valueName\":\"search_term_string\"}}],\"inLanguage\":\"de\"},{\"@type\":\"Organization\",\"@id\":\"https:\\\/\\\/www.frauenpodiumgossau-zh.ch\\\/#organization\",\"name\":\"Politisches Frauenpodium Gossau ZH\",\"url\":\"https:\\\/\\\/www.frauenpodiumgossau-zh.ch\\\/\",\"logo\":{\"@type\":\"ImageObject\",\"inLanguage\":\"de\",\"@id\":\"https:\\\/\\\/www.frauenpodiumgossau-zh.ch\\\/#\\\/schema\\\/logo\\\/image\\\/\",\"url\":\"https:\\\/\\\/www.frauenpodiumgossau-zh.ch\\\/wp-content\\\/uploads\\\/2020\\\/01\\\/Frauenpodium-Logo-lila-ohne-Text.jpg\",\"contentUrl\":\"https:\\\/\\\/www.frauenpodiumgossau-zh.ch\\\/wp-content\\\/uploads\\\/2020\\\/01\\\/Frauenpodium-Logo-lila-ohne-Text.jpg\",\"width\":1480,\"height\":1200,\"caption\":\"Politisches Frauenpodium Gossau ZH\"},\"image\":{\"@id\":\"https:\\\/\\\/www.frauenpodiumgossau-zh.ch\\\/#\\\/schema\\\/logo\\\/image\\\/\"}},{\"@type\":\"Person\",\"@id\":\"https:\\\/\\\/www.frauenpodiumgossau-zh.ch\\\/#\\\/schema\\\/person\\\/7e3d71bb4d55ff272302782fa36381b8\",\"name\":\"admin\",\"image\":{\"@type\":\"ImageObject\",\"inLanguage\":\"de\",\"@id\":\"https:\\\/\\\/secure.gravatar.com\\\/avatar\\\/c9ad5a5e75381a98acc7a6f92eeee9d0a51e2541002d70c1dac4691ddb5cab2b?s=96&d=mm&r=g\",\"url\":\"https:\\\/\\\/secure.gravatar.com\\\/avatar\\\/c9ad5a5e75381a98acc7a6f92eeee9d0a51e2541002d70c1dac4691ddb5cab2b?s=96&d=mm&r=g\",\"contentUrl\":\"https:\\\/\\\/secure.gravatar.com\\\/avatar\\\/c9ad5a5e75381a98acc7a6f92eeee9d0a51e2541002d70c1dac4691ddb5cab2b?s=96&d=mm&r=g\",\"caption\":\"admin\"},\"url\":\"https:\\\/\\\/www.frauenpodiumgossau-zh.ch\\\/index.php\\\/author\\\/richard_vvkm1238\\\/\"}]}<\/script>\n<!-- \/ Yoast SEO plugin. -->","yoast_head_json":{"title":"'Gossau fiired' 2. bis 4. Juli - Politisches Frauenpodium Gossau ZH","robots":{"index":"index","follow":"follow","max-snippet":"max-snippet:-1","max-image-preview":"max-image-preview:large","max-video-preview":"max-video-preview:-1"},"canonical":"https:\/\/www.frauenpodiumgossau-zh.ch\/index.php\/2021\/07\/08\/gossau-fiired-2-bis-4-juli\/","og_locale":"de_DE","og_type":"article","og_title":"'Gossau fiired' 2. bis 4. Juli - Politisches Frauenpodium Gossau ZH","og_description":"Ein H\u00f6hepunkt war der Besuch von Regierungspr\u00e4sidentin Jacqueline Fehr an unserem Stand nach dem Er\u00f6ffnungsakt am Samstag Jacqueline Fehr unterst\u00fctzt die Kommunalwahlen 2022 mit den Informationstreffen von &#8222;Z\u00fcri-L\u00f6winnen br\u00fcllen&#8220; f\u00fcr mehr Frauen in der Politik. Mach Politik vor Ort! &#8211; Bild (von links nach rechts): Katharina Schlegel, Barbara Weidmann, Andrea Hadorn-Stuker, Jacqueline Fehr, Roswitha Zangl &hellip; \u201e&#8218;Gossau fiired&#8216; 2. bis 4. Juli\u201c weiterlesen","og_url":"https:\/\/www.frauenpodiumgossau-zh.ch\/index.php\/2021\/07\/08\/gossau-fiired-2-bis-4-juli\/","og_site_name":"Politisches Frauenpodium Gossau ZH","article_published_time":"2021-07-08T09:22:24+00:00","article_modified_time":"2025-08-22T13:18:48+00:00","og_image":[{"width":2016,"height":1512,"url":"https:\/\/www.frauenpodiumgossau-zh.ch\/wp-content\/uploads\/2021\/07\/IMG-20210704-WA0004.jpg","type":"image\/jpeg"}],"author":"admin","twitter_card":"summary_large_image","twitter_misc":{"Verfasst von":false,"Gesch\u00e4tzte Lesezeit":"1\u00a0Minute"},"schema":{"@context":"https:\/\/schema.org","@graph":[{"@type":"Article","@id":"https:\/\/www.frauenpodiumgossau-zh.ch\/index.php\/2021\/07\/08\/gossau-fiired-2-bis-4-juli\/#article","isPartOf":{"@id":"https:\/\/www.frauenpodiumgossau-zh.ch\/index.php\/2021\/07\/08\/gossau-fiired-2-bis-4-juli\/"},"author":{"name":"admin","@id":"https:\/\/www.frauenpodiumgossau-zh.ch\/#\/schema\/person\/7e3d71bb4d55ff272302782fa36381b8"},"headline":"&#8218;Gossau fiired&#8216; 2. bis 4. Juli","datePublished":"2021-07-08T09:22:24+00:00","dateModified":"2025-08-22T13:18:48+00:00","mainEntityOfPage":{"@id":"https:\/\/www.frauenpodiumgossau-zh.ch\/index.php\/2021\/07\/08\/gossau-fiired-2-bis-4-juli\/"},"wordCount":226,"publisher":{"@id":"https:\/\/www.frauenpodiumgossau-zh.ch\/#organization"},"image":{"@id":"https:\/\/www.frauenpodiumgossau-zh.ch\/index.php\/2021\/07\/08\/gossau-fiired-2-bis-4-juli\/#primaryimage"},"thumbnailUrl":"https:\/\/www.frauenpodiumgossau-zh.ch\/wp-content\/uploads\/2021\/07\/IMG-20210704-WA0004-1024x768.jpg","articleSection":["Veranstaltungen"],"inLanguage":"de"},{"@type":"WebPage","@id":"https:\/\/www.frauenpodiumgossau-zh.ch\/index.php\/2021\/07\/08\/gossau-fiired-2-bis-4-juli\/","url":"https:\/\/www.frauenpodiumgossau-zh.ch\/index.php\/2021\/07\/08\/gossau-fiired-2-bis-4-juli\/","name":"'Gossau fiired' 2. bis 4. Juli - Politisches Frauenpodium Gossau ZH","isPartOf":{"@id":"https:\/\/www.frauenpodiumgossau-zh.ch\/#website"},"primaryImageOfPage":{"@id":"https:\/\/www.frauenpodiumgossau-zh.ch\/index.php\/2021\/07\/08\/gossau-fiired-2-bis-4-juli\/#primaryimage"},"image":{"@id":"https:\/\/www.frauenpodiumgossau-zh.ch\/index.php\/2021\/07\/08\/gossau-fiired-2-bis-4-juli\/#primaryimage"},"thumbnailUrl":"https:\/\/www.frauenpodiumgossau-zh.ch\/wp-content\/uploads\/2021\/07\/IMG-20210704-WA0004-1024x768.jpg","datePublished":"2021-07-08T09:22:24+00:00","dateModified":"2025-08-22T13:18:48+00:00","breadcrumb":{"@id":"https:\/\/www.frauenpodiumgossau-zh.ch\/index.php\/2021\/07\/08\/gossau-fiired-2-bis-4-juli\/#breadcrumb"},"inLanguage":"de","potentialAction":[{"@type":"ReadAction","target":["https:\/\/www.frauenpodiumgossau-zh.ch\/index.php\/2021\/07\/08\/gossau-fiired-2-bis-4-juli\/"]}]},{"@type":"ImageObject","inLanguage":"de","@id":"https:\/\/www.frauenpodiumgossau-zh.ch\/index.php\/2021\/07\/08\/gossau-fiired-2-bis-4-juli\/#primaryimage","url":"https:\/\/www.frauenpodiumgossau-zh.ch\/wp-content\/uploads\/2021\/07\/IMG-20210704-WA0004.jpg","contentUrl":"https:\/\/www.frauenpodiumgossau-zh.ch\/wp-content\/uploads\/2021\/07\/IMG-20210704-WA0004.jpg","width":2016,"height":1512},{"@type":"BreadcrumbList","@id":"https:\/\/www.frauenpodiumgossau-zh.ch\/index.php\/2021\/07\/08\/gossau-fiired-2-bis-4-juli\/#breadcrumb","itemListElement":[{"@type":"ListItem","position":1,"name":"Startseite","item":"https:\/\/www.frauenpodiumgossau-zh.ch\/"},{"@type":"ListItem","position":2,"name":"&#8218;Gossau fiired&#8216; 2. bis 4. Juli"}]},{"@type":"WebSite","@id":"https:\/\/www.frauenpodiumgossau-zh.ch\/#website","url":"https:\/\/www.frauenpodiumgossau-zh.ch\/","name":"Politisches Frauenpodium Gossau ZH","description":"Z\u00e4me z Wort cho","publisher":{"@id":"https:\/\/www.frauenpodiumgossau-zh.ch\/#organization"},"potentialAction":[{"@type":"SearchAction","target":{"@type":"EntryPoint","urlTemplate":"https:\/\/www.frauenpodiumgossau-zh.ch\/?s={search_term_string}"},"query-input":{"@type":"PropertyValueSpecification","valueRequired":true,"valueName":"search_term_string"}}],"inLanguage":"de"},{"@type":"Organization","@id":"https:\/\/www.frauenpodiumgossau-zh.ch\/#organization","name":"Politisches Frauenpodium Gossau ZH","url":"https:\/\/www.frauenpodiumgossau-zh.ch\/","logo":{"@type":"ImageObject","inLanguage":"de","@id":"https:\/\/www.frauenpodiumgossau-zh.ch\/#\/schema\/logo\/image\/","url":"https:\/\/www.frauenpodiumgossau-zh.ch\/wp-content\/uploads\/2020\/01\/Frauenpodium-Logo-lila-ohne-Text.jpg","contentUrl":"https:\/\/www.frauenpodiumgossau-zh.ch\/wp-content\/uploads\/2020\/01\/Frauenpodium-Logo-lila-ohne-Text.jpg","width":1480,"height":1200,"caption":"Politisches Frauenpodium Gossau ZH"},"image":{"@id":"https:\/\/www.frauenpodiumgossau-zh.ch\/#\/schema\/logo\/image\/"}},{"@type":"Person","@id":"https:\/\/www.frauenpodiumgossau-zh.ch\/#\/schema\/person\/7e3d71bb4d55ff272302782fa36381b8","name":"admin","image":{"@type":"ImageObject","inLanguage":"de","@id":"https:\/\/secure.gravatar.com\/avatar\/c9ad5a5e75381a98acc7a6f92eeee9d0a51e2541002d70c1dac4691ddb5cab2b?s=96&d=mm&r=g","url":"https:\/\/secure.gravatar.com\/avatar\/c9ad5a5e75381a98acc7a6f92eeee9d0a51e2541002d70c1dac4691ddb5cab2b?s=96&d=mm&r=g","contentUrl":"https:\/\/secure.gravatar.com\/avatar\/c9ad5a5e75381a98acc7a6f92eeee9d0a51e2541002d70c1dac4691ddb5cab2b?s=96&d=mm&r=g","caption":"admin"},"url":"https:\/\/www.frauenpodiumgossau-zh.ch\/index.php\/author\/richard_vvkm1238\/"}]}},"_links":{"self":[{"href":"https:\/\/www.frauenpodiumgossau-zh.ch\/index.php\/wp-json\/wp\/v2\/posts\/425","targetHints":{"allow":["GET"]}}],"collection":[{"href":"https:\/\/www.frauenpodiumgossau-zh.ch\/index.php\/wp-json\/wp\/v2\/posts"}],"about":[{"href":"https:\/\/www.frauenpodiumgossau-zh.ch\/index.php\/wp-json\/wp\/v2\/types\/post"}],"author":[{"embeddable":true,"href":"https:\/\/www.frauenpodiumgossau-zh.ch\/index.php\/wp-json\/wp\/v2\/users\/1"}],"replies":[{"embeddable":true,"href":"https:\/\/www.frauenpodiumgossau-zh.ch\/index.php\/wp-json\/wp\/v2\/comments?post=425"}],"version-history":[{"count":20,"href":"https:\/\/www.frauenpodiumgossau-zh.ch\/index.php\/wp-json\/wp\/v2\/posts\/425\/revisions"}],"predecessor-version":[{"id":469,"href":"https:\/\/www.frauenpodiumgossau-zh.ch\/index.php\/wp-json\/wp\/v2\/posts\/425\/revisions\/469"}],"wp:attachment":[{"href":"https:\/\/www.frauenpodiumgossau-zh.ch\/index.php\/wp-json\/wp\/v2\/media?parent=425"}],"wp:term":[{"taxonomy":"category","embeddable":true,"href":"https:\/\/www.frauenpodiumgossau-zh.ch\/index.php\/wp-json\/wp\/v2\/categories?post=425"},{"taxonomy":"post_tag","embeddable":true,"href":"https:\/\/www.frauenpodiumgossau-zh.ch\/index.php\/wp-json\/wp\/v2\/tags?post=425"}],"curies":[{"name":"wp","href":"https:\/\/api.w.org\/{rel}","templated":true}]}}