{"id":651,"date":"2023-05-20T16:41:39","date_gmt":"2023-05-20T16:41:39","guid":{"rendered":"https:\/\/www.frauenpodiumgossau-zh.ch\/?p=651"},"modified":"2025-08-22T13:14:44","modified_gmt":"2025-08-22T13:14:44","slug":"stamm-am-donnerstag-13-juli-1930-uhr","status":"publish","type":"post","link":"https:\/\/www.frauenpodiumgossau-zh.ch\/index.php\/2023\/05\/20\/stamm-am-donnerstag-13-juli-1930-uhr\/","title":{"rendered":"Stamm am Donnerstag, 13. Juli, 19:30 Uhr"},"content":{"rendered":"\n<figure class=\"wp-block-image size-full\"><img loading=\"lazy\" decoding=\"async\" width=\"648\" height=\"417\" src=\"https:\/\/www.frauenpodiumgossau-zh.ch\/wp-content\/uploads\/2023\/05\/iStock-1399216490-FrauenDiskutieren-m.jpg\" alt=\"\" class=\"wp-image-643\" srcset=\"https:\/\/www.frauenpodiumgossau-zh.ch\/wp-content\/uploads\/2023\/05\/iStock-1399216490-FrauenDiskutieren-m.jpg 648w, https:\/\/www.frauenpodiumgossau-zh.ch\/wp-content\/uploads\/2023\/05\/iStock-1399216490-FrauenDiskutieren-m-300x193.jpg 300w\" sizes=\"auto, (max-width: 648px) 100vw, 648px\" \/><\/figure>\n\n\n\n<p class=\"wp-block-paragraph\">im Restaurant Traube, Ottikon, Saal 1. Stock<\/p>\n\n\n\n<h4 class=\"wp-block-heading\">&#8222;Herausforderung Migration\/Flucht in Gossau&#8220;.<\/h4>\n\n\n\n<p class=\"wp-block-paragraph\">Sylvia Veraguth, Gemeinder\u00e4tin Ressort Gesellschaft und unser Mitglied, f\u00fchrte vertieft ins Thema ein, beginnend mit den unterschiedlichen Aufenthaltsstati der Gefl\u00fcchteten. Der Status bestimmt den Rahmen der Unterst\u00fctzung durch Bund und\/oder Gemeinde. Wohnen ist ein Bed\u00fcrfnis unabh\u00e4ngig vom Status. Gossau verf\u00fcgt \u00fcber eine gute Ausgangslage mit der modularen Unterkunft. Sie ist Vorbild f\u00fcr weitere Gemeinden. Nicht nur die Flexibilit\u00e4t ist ein Vorteil, sondern auch die Finanzierbarkeit. Sie ist in Zeiten eines knappen Angebots und steigender Mieten zentral geworden.<\/p>\n\n\n\n<p class=\"wp-block-paragraph\">Die Anwesenden brachten ihre Fragen und ihre eigenen Erfahrungen in der Hilfe an Gefl\u00fcchteten ein. Sprachkurse, Klassenassistenzen der Schule und Freizeitangebote f\u00fcr junge Leute tragen zum Erfolg im Zusammenleben bei. <\/p>\n\n\n\n<h2 class=\"wp-block-heading\">Noch nicht Mitglied? Hier kannst du deine Mitgliedschaft erkl\u00e4ren:<\/h2>\n\n\n\n<h4 class=\"wp-block-heading\">Ja, ich trete als Mitglied bei.<\/h4>\n\n\n<div class=\"wpforms-container wpforms-container-full wpforms-block wpforms-block-66ca13c9-29a5-49b7-a2a8-1c9ac37842e7\" id=\"wpforms-686\"><form id=\"wpforms-form-686\" class=\"wpforms-validate wpforms-form wpforms-ajax-form\" data-formid=\"686\" method=\"post\" enctype=\"multipart\/form-data\" action=\"\/index.php\/wp-json\/wp\/v2\/posts\/651\" data-token=\"0689ac7c5bd02efd6a485f2ea5ee1ad9\" data-token-time=\"1788222904\"><noscript class=\"wpforms-error-noscript\">Bitte aktiviere JavaScript in deinem Browser, um dieses Formular fertigzustellen.<\/noscript><div class=\"wpforms-field-container\"><div id=\"wpforms-686-field_1-container\" class=\"wpforms-field wpforms-field-name\" data-field-id=\"1\"><label class=\"wpforms-field-label\">Name <span class=\"wpforms-required-label\">*<\/span><\/label><div class=\"wpforms-field-row wpforms-field-medium\"><div class=\"wpforms-field-row-block wpforms-first wpforms-one-half\"><input type=\"text\" id=\"wpforms-686-field_1\" class=\"wpforms-field-name-first wpforms-field-required\" name=\"wpforms[fields][1][first]\" required><label for=\"wpforms-686-field_1\" class=\"wpforms-field-sublabel after\">Vorname<\/label><\/div><div class=\"wpforms-field-row-block wpforms-one-half\"><input type=\"text\" id=\"wpforms-686-field_1-last\" class=\"wpforms-field-name-last wpforms-field-required\" name=\"wpforms[fields][1][last]\" required><label for=\"wpforms-686-field_1-last\" class=\"wpforms-field-sublabel after\">Nachname<\/label><\/div><\/div><\/div><div id=\"wpforms-686-field_2-container\" class=\"wpforms-field wpforms-field-text\" data-field-id=\"2\"><label class=\"wpforms-field-label\" for=\"wpforms-686-field_2\">Strasse &amp; Hausnummer <span class=\"wpforms-required-label\">*<\/span><\/label><input type=\"text\" id=\"wpforms-686-field_2\" class=\"wpforms-field-medium wpforms-field-required\" name=\"wpforms[fields][2]\" required><\/div><div id=\"wpforms-686-field_3-container\" class=\"wpforms-field wpforms-field-text\" data-field-id=\"3\"><label class=\"wpforms-field-label\" for=\"wpforms-686-field_3\">Postleitzahl &amp; Ort <span class=\"wpforms-required-label\">*<\/span><\/label><input type=\"text\" id=\"wpforms-686-field_3\" class=\"wpforms-field-medium wpforms-field-required\" name=\"wpforms[fields][3]\" required><\/div><div id=\"wpforms-686-field_4-container\" class=\"wpforms-field wpforms-field-email\" data-field-id=\"4\"><label class=\"wpforms-field-label\" for=\"wpforms-686-field_4\">E-Mail <span class=\"wpforms-required-label\">*<\/span><\/label><input type=\"email\" id=\"wpforms-686-field_4\" class=\"wpforms-field-medium wpforms-field-required\" name=\"wpforms[fields][4]\" spellcheck=\"false\" required><\/div><div id=\"wpforms-686-field_6-container\" class=\"wpforms-field wpforms-field-text\" data-field-id=\"6\"><label class=\"wpforms-field-label\" for=\"wpforms-686-field_6\">Telefonnummer<\/label><input type=\"text\" id=\"wpforms-686-field_6\" class=\"wpforms-field-medium\" name=\"wpforms[fields][6]\" ><\/div><div id=\"wpforms-686-field_5-container\" class=\"wpforms-field wpforms-field-textarea\" data-field-id=\"5\"><label class=\"wpforms-field-label\" for=\"wpforms-686-field_5\">Deine Nachricht<\/label><textarea id=\"wpforms-686-field_5\" class=\"wpforms-field-medium\" name=\"wpforms[fields][5]\" ><\/textarea><\/div><\/div><!-- .wpforms-field-container --><div class=\"wpforms-recaptcha-container wpforms-is-hcaptcha\" ><div class=\"h-captcha\" data-sitekey=\"8b2ae99c-a1bc-4372-acfc-9df43bb58561\"><\/div><input type=\"text\" name=\"g-recaptcha-hidden\" class=\"wpforms-recaptcha-hidden\" style=\"position:absolute!important;clip:rect(0,0,0,0)!important;height:1px!important;width:1px!important;border:0!important;overflow:hidden!important;padding:0!important;margin:0!important;\" data-rule-hcaptcha=\"1\"><\/div><div class=\"wpforms-submit-container\" ><input type=\"hidden\" name=\"wpforms[id]\" value=\"686\"><input type=\"hidden\" name=\"page_title\" value=\"\"><input type=\"hidden\" name=\"page_url\" value=\"https:\/\/www.frauenpodiumgossau-zh.ch\/index.php\/wp-json\/wp\/v2\/posts\/651\"><input type=\"hidden\" name=\"url_referer\" value=\"\"><button type=\"submit\" name=\"wpforms[submit]\" id=\"wpforms-submit-686\" class=\"wpforms-submit\" data-alt-text=\"Senden\u2026\" data-submit-text=\"Absenden\" aria-live=\"assertive\" value=\"wpforms-submit\">Absenden<\/button><img loading=\"lazy\" decoding=\"async\" src=\"https:\/\/www.frauenpodiumgossau-zh.ch\/wp-content\/plugins\/wpforms\/assets\/images\/submit-spin.svg\" class=\"wpforms-submit-spinner\" style=\"display: none;\" width=\"26\" height=\"26\" alt=\"Wird geladen\"><\/div><\/form><\/div>  <!-- .wpforms-container -->\n\n\n<p class=\"wp-block-paragraph\">Als Mitglied erh\u00e4ltst du unsere E-Mails mit Einladungen an unsere Mitgliederveranstaltungen (Maibummel, Sommerabend, Stamm, Jahresschluss) sowie Versammlungen (MV und Polith\u00f6cks vor Gemeindeversammlungen). Der Mitgliederbeitrag ist CHF 50 im Jahr. Er erm\u00f6glicht uns vor allem, Kandidaturen von Mitgliedern zu unterst\u00fctzen, die in der Gemeinde f\u00fcr ein Beh\u00f6rdenamt kandidieren.<\/p>\n","protected":false},"excerpt":{"rendered":"<p>im Restaurant Traube, Ottikon, Saal 1. Stock &#8222;Herausforderung Migration\/Flucht in Gossau&#8220;. Sylvia Veraguth, Gemeinder\u00e4tin Ressort Gesellschaft und unser Mitglied, f\u00fchrte vertieft ins Thema ein, beginnend mit den unterschiedlichen Aufenthaltsstati der Gefl\u00fcchteten. Der Status bestimmt den Rahmen der Unterst\u00fctzung durch Bund und\/oder Gemeinde. Wohnen ist ein Bed\u00fcrfnis unabh\u00e4ngig vom Status. Gossau verf\u00fcgt \u00fcber eine gute Ausgangslage &hellip; <\/p>\n<p class=\"link-more\"><a href=\"https:\/\/www.frauenpodiumgossau-zh.ch\/index.php\/2023\/05\/20\/stamm-am-donnerstag-13-juli-1930-uhr\/\" class=\"more-link\"><span class=\"screen-reader-text\">\u201eStamm am Donnerstag, 13. Juli, 19:30 Uhr\u201c <\/span>weiterlesen<\/a><\/p>\n","protected":false},"author":1,"featured_media":0,"comment_status":"closed","ping_status":"open","sticky":false,"template":"","format":"standard","meta":{"footnotes":""},"categories":[1],"tags":[],"class_list":["post-651","post","type-post","status-publish","format-standard","hentry","category-veranstaltungen"],"yoast_head":"<!-- This site is optimized with the Yoast SEO plugin v27.7 - https:\/\/yoast.com\/product\/yoast-seo-wordpress\/ -->\n<title>Stamm am Donnerstag, 13. Juli, 19:30 Uhr - Politisches Frauenpodium Gossau ZH<\/title>\n<meta name=\"robots\" content=\"index, follow, max-snippet:-1, max-image-preview:large, max-video-preview:-1\" \/>\n<link rel=\"canonical\" href=\"https:\/\/www.frauenpodiumgossau-zh.ch\/index.php\/2023\/05\/20\/stamm-am-donnerstag-13-juli-1930-uhr\/\" \/>\n<meta property=\"og:locale\" content=\"de_DE\" \/>\n<meta property=\"og:type\" content=\"article\" \/>\n<meta property=\"og:title\" content=\"Stamm am Donnerstag, 13. Juli, 19:30 Uhr - Politisches Frauenpodium Gossau ZH\" \/>\n<meta property=\"og:description\" content=\"im Restaurant Traube, Ottikon, Saal 1. Stock &#8222;Herausforderung Migration\/Flucht in Gossau&#8220;. Sylvia Veraguth, Gemeinder\u00e4tin Ressort Gesellschaft und unser Mitglied, f\u00fchrte vertieft ins Thema ein, beginnend mit den unterschiedlichen Aufenthaltsstati der Gefl\u00fcchteten. Der Status bestimmt den Rahmen der Unterst\u00fctzung durch Bund und\/oder Gemeinde. Wohnen ist ein Bed\u00fcrfnis unabh\u00e4ngig vom Status. Gossau verf\u00fcgt \u00fcber eine gute Ausgangslage &hellip; \u201eStamm am Donnerstag, 13. Juli, 19:30 Uhr\u201c weiterlesen\" \/>\n<meta property=\"og:url\" content=\"https:\/\/www.frauenpodiumgossau-zh.ch\/index.php\/2023\/05\/20\/stamm-am-donnerstag-13-juli-1930-uhr\/\" \/>\n<meta property=\"og:site_name\" content=\"Politisches Frauenpodium Gossau ZH\" \/>\n<meta property=\"article:published_time\" content=\"2023-05-20T16:41:39+00:00\" \/>\n<meta property=\"article:modified_time\" content=\"2025-08-22T13:14:44+00:00\" \/>\n<meta property=\"og:image\" content=\"https:\/\/www.frauenpodiumgossau-zh.ch\/wp-content\/uploads\/2023\/05\/iStock-1399216490-FrauenDiskutieren-m.jpg\" \/>\n\t<meta property=\"og:image:width\" content=\"648\" \/>\n\t<meta property=\"og:image:height\" content=\"417\" \/>\n\t<meta property=\"og:image:type\" content=\"image\/jpeg\" \/>\n<meta name=\"author\" content=\"admin\" \/>\n<meta name=\"twitter:card\" content=\"summary_large_image\" \/>\n<meta name=\"twitter:label1\" content=\"Verfasst von\" \/>\n\t<meta name=\"twitter:data1\" content=\"\" \/>\n\t<meta name=\"twitter:label2\" content=\"Gesch\u00e4tzte Lesezeit\" \/>\n\t<meta name=\"twitter:data2\" content=\"1\u00a0Minute\" \/>\n<script type=\"application\/ld+json\" class=\"yoast-schema-graph\">{\"@context\":\"https:\\\/\\\/schema.org\",\"@graph\":[{\"@type\":\"Article\",\"@id\":\"https:\\\/\\\/www.frauenpodiumgossau-zh.ch\\\/index.php\\\/2023\\\/05\\\/20\\\/stamm-am-donnerstag-13-juli-1930-uhr\\\/#article\",\"isPartOf\":{\"@id\":\"https:\\\/\\\/www.frauenpodiumgossau-zh.ch\\\/index.php\\\/2023\\\/05\\\/20\\\/stamm-am-donnerstag-13-juli-1930-uhr\\\/\"},\"author\":{\"name\":\"admin\",\"@id\":\"https:\\\/\\\/www.frauenpodiumgossau-zh.ch\\\/#\\\/schema\\\/person\\\/7e3d71bb4d55ff272302782fa36381b8\"},\"headline\":\"Stamm am Donnerstag, 13. Juli, 19:30 Uhr\",\"datePublished\":\"2023-05-20T16:41:39+00:00\",\"dateModified\":\"2025-08-22T13:14:44+00:00\",\"mainEntityOfPage\":{\"@id\":\"https:\\\/\\\/www.frauenpodiumgossau-zh.ch\\\/index.php\\\/2023\\\/05\\\/20\\\/stamm-am-donnerstag-13-juli-1930-uhr\\\/\"},\"wordCount\":203,\"publisher\":{\"@id\":\"https:\\\/\\\/www.frauenpodiumgossau-zh.ch\\\/#organization\"},\"image\":{\"@id\":\"https:\\\/\\\/www.frauenpodiumgossau-zh.ch\\\/index.php\\\/2023\\\/05\\\/20\\\/stamm-am-donnerstag-13-juli-1930-uhr\\\/#primaryimage\"},\"thumbnailUrl\":\"https:\\\/\\\/www.frauenpodiumgossau-zh.ch\\\/wp-content\\\/uploads\\\/2023\\\/05\\\/iStock-1399216490-FrauenDiskutieren-m.jpg\",\"articleSection\":[\"Veranstaltungen\"],\"inLanguage\":\"de\"},{\"@type\":\"WebPage\",\"@id\":\"https:\\\/\\\/www.frauenpodiumgossau-zh.ch\\\/index.php\\\/2023\\\/05\\\/20\\\/stamm-am-donnerstag-13-juli-1930-uhr\\\/\",\"url\":\"https:\\\/\\\/www.frauenpodiumgossau-zh.ch\\\/index.php\\\/2023\\\/05\\\/20\\\/stamm-am-donnerstag-13-juli-1930-uhr\\\/\",\"name\":\"Stamm am Donnerstag, 13. Juli, 19:30 Uhr - Politisches Frauenpodium Gossau ZH\",\"isPartOf\":{\"@id\":\"https:\\\/\\\/www.frauenpodiumgossau-zh.ch\\\/#website\"},\"primaryImageOfPage\":{\"@id\":\"https:\\\/\\\/www.frauenpodiumgossau-zh.ch\\\/index.php\\\/2023\\\/05\\\/20\\\/stamm-am-donnerstag-13-juli-1930-uhr\\\/#primaryimage\"},\"image\":{\"@id\":\"https:\\\/\\\/www.frauenpodiumgossau-zh.ch\\\/index.php\\\/2023\\\/05\\\/20\\\/stamm-am-donnerstag-13-juli-1930-uhr\\\/#primaryimage\"},\"thumbnailUrl\":\"https:\\\/\\\/www.frauenpodiumgossau-zh.ch\\\/wp-content\\\/uploads\\\/2023\\\/05\\\/iStock-1399216490-FrauenDiskutieren-m.jpg\",\"datePublished\":\"2023-05-20T16:41:39+00:00\",\"dateModified\":\"2025-08-22T13:14:44+00:00\",\"breadcrumb\":{\"@id\":\"https:\\\/\\\/www.frauenpodiumgossau-zh.ch\\\/index.php\\\/2023\\\/05\\\/20\\\/stamm-am-donnerstag-13-juli-1930-uhr\\\/#breadcrumb\"},\"inLanguage\":\"de\",\"potentialAction\":[{\"@type\":\"ReadAction\",\"target\":[\"https:\\\/\\\/www.frauenpodiumgossau-zh.ch\\\/index.php\\\/2023\\\/05\\\/20\\\/stamm-am-donnerstag-13-juli-1930-uhr\\\/\"]}]},{\"@type\":\"ImageObject\",\"inLanguage\":\"de\",\"@id\":\"https:\\\/\\\/www.frauenpodiumgossau-zh.ch\\\/index.php\\\/2023\\\/05\\\/20\\\/stamm-am-donnerstag-13-juli-1930-uhr\\\/#primaryimage\",\"url\":\"https:\\\/\\\/www.frauenpodiumgossau-zh.ch\\\/wp-content\\\/uploads\\\/2023\\\/05\\\/iStock-1399216490-FrauenDiskutieren-m.jpg\",\"contentUrl\":\"https:\\\/\\\/www.frauenpodiumgossau-zh.ch\\\/wp-content\\\/uploads\\\/2023\\\/05\\\/iStock-1399216490-FrauenDiskutieren-m.jpg\",\"width\":648,\"height\":417},{\"@type\":\"BreadcrumbList\",\"@id\":\"https:\\\/\\\/www.frauenpodiumgossau-zh.ch\\\/index.php\\\/2023\\\/05\\\/20\\\/stamm-am-donnerstag-13-juli-1930-uhr\\\/#breadcrumb\",\"itemListElement\":[{\"@type\":\"ListItem\",\"position\":1,\"name\":\"Startseite\",\"item\":\"https:\\\/\\\/www.frauenpodiumgossau-zh.ch\\\/\"},{\"@type\":\"ListItem\",\"position\":2,\"name\":\"Stamm am Donnerstag, 13. Juli, 19:30 Uhr\"}]},{\"@type\":\"WebSite\",\"@id\":\"https:\\\/\\\/www.frauenpodiumgossau-zh.ch\\\/#website\",\"url\":\"https:\\\/\\\/www.frauenpodiumgossau-zh.ch\\\/\",\"name\":\"Politisches Frauenpodium Gossau ZH\",\"description\":\"Z\u00e4me z Wort cho\",\"publisher\":{\"@id\":\"https:\\\/\\\/www.frauenpodiumgossau-zh.ch\\\/#organization\"},\"potentialAction\":[{\"@type\":\"SearchAction\",\"target\":{\"@type\":\"EntryPoint\",\"urlTemplate\":\"https:\\\/\\\/www.frauenpodiumgossau-zh.ch\\\/?s={search_term_string}\"},\"query-input\":{\"@type\":\"PropertyValueSpecification\",\"valueRequired\":true,\"valueName\":\"search_term_string\"}}],\"inLanguage\":\"de\"},{\"@type\":\"Organization\",\"@id\":\"https:\\\/\\\/www.frauenpodiumgossau-zh.ch\\\/#organization\",\"name\":\"Politisches Frauenpodium Gossau ZH\",\"url\":\"https:\\\/\\\/www.frauenpodiumgossau-zh.ch\\\/\",\"logo\":{\"@type\":\"ImageObject\",\"inLanguage\":\"de\",\"@id\":\"https:\\\/\\\/www.frauenpodiumgossau-zh.ch\\\/#\\\/schema\\\/logo\\\/image\\\/\",\"url\":\"https:\\\/\\\/www.frauenpodiumgossau-zh.ch\\\/wp-content\\\/uploads\\\/2020\\\/01\\\/Frauenpodium-Logo-lila-ohne-Text.jpg\",\"contentUrl\":\"https:\\\/\\\/www.frauenpodiumgossau-zh.ch\\\/wp-content\\\/uploads\\\/2020\\\/01\\\/Frauenpodium-Logo-lila-ohne-Text.jpg\",\"width\":1480,\"height\":1200,\"caption\":\"Politisches Frauenpodium Gossau ZH\"},\"image\":{\"@id\":\"https:\\\/\\\/www.frauenpodiumgossau-zh.ch\\\/#\\\/schema\\\/logo\\\/image\\\/\"}},{\"@type\":\"Person\",\"@id\":\"https:\\\/\\\/www.frauenpodiumgossau-zh.ch\\\/#\\\/schema\\\/person\\\/7e3d71bb4d55ff272302782fa36381b8\",\"name\":\"admin\",\"image\":{\"@type\":\"ImageObject\",\"inLanguage\":\"de\",\"@id\":\"https:\\\/\\\/secure.gravatar.com\\\/avatar\\\/c9ad5a5e75381a98acc7a6f92eeee9d0a51e2541002d70c1dac4691ddb5cab2b?s=96&d=mm&r=g\",\"url\":\"https:\\\/\\\/secure.gravatar.com\\\/avatar\\\/c9ad5a5e75381a98acc7a6f92eeee9d0a51e2541002d70c1dac4691ddb5cab2b?s=96&d=mm&r=g\",\"contentUrl\":\"https:\\\/\\\/secure.gravatar.com\\\/avatar\\\/c9ad5a5e75381a98acc7a6f92eeee9d0a51e2541002d70c1dac4691ddb5cab2b?s=96&d=mm&r=g\",\"caption\":\"admin\"},\"url\":\"https:\\\/\\\/www.frauenpodiumgossau-zh.ch\\\/index.php\\\/author\\\/richard_vvkm1238\\\/\"}]}<\/script>\n<!-- \/ Yoast SEO plugin. -->","yoast_head_json":{"title":"Stamm am Donnerstag, 13. Juli, 19:30 Uhr - Politisches Frauenpodium Gossau ZH","robots":{"index":"index","follow":"follow","max-snippet":"max-snippet:-1","max-image-preview":"max-image-preview:large","max-video-preview":"max-video-preview:-1"},"canonical":"https:\/\/www.frauenpodiumgossau-zh.ch\/index.php\/2023\/05\/20\/stamm-am-donnerstag-13-juli-1930-uhr\/","og_locale":"de_DE","og_type":"article","og_title":"Stamm am Donnerstag, 13. Juli, 19:30 Uhr - Politisches Frauenpodium Gossau ZH","og_description":"im Restaurant Traube, Ottikon, Saal 1. Stock &#8222;Herausforderung Migration\/Flucht in Gossau&#8220;. Sylvia Veraguth, Gemeinder\u00e4tin Ressort Gesellschaft und unser Mitglied, f\u00fchrte vertieft ins Thema ein, beginnend mit den unterschiedlichen Aufenthaltsstati der Gefl\u00fcchteten. Der Status bestimmt den Rahmen der Unterst\u00fctzung durch Bund und\/oder Gemeinde. Wohnen ist ein Bed\u00fcrfnis unabh\u00e4ngig vom Status. Gossau verf\u00fcgt \u00fcber eine gute Ausgangslage &hellip; \u201eStamm am Donnerstag, 13. Juli, 19:30 Uhr\u201c weiterlesen","og_url":"https:\/\/www.frauenpodiumgossau-zh.ch\/index.php\/2023\/05\/20\/stamm-am-donnerstag-13-juli-1930-uhr\/","og_site_name":"Politisches Frauenpodium Gossau ZH","article_published_time":"2023-05-20T16:41:39+00:00","article_modified_time":"2025-08-22T13:14:44+00:00","og_image":[{"width":648,"height":417,"url":"https:\/\/www.frauenpodiumgossau-zh.ch\/wp-content\/uploads\/2023\/05\/iStock-1399216490-FrauenDiskutieren-m.jpg","type":"image\/jpeg"}],"author":"admin","twitter_card":"summary_large_image","twitter_misc":{"Verfasst von":false,"Gesch\u00e4tzte Lesezeit":"1\u00a0Minute"},"schema":{"@context":"https:\/\/schema.org","@graph":[{"@type":"Article","@id":"https:\/\/www.frauenpodiumgossau-zh.ch\/index.php\/2023\/05\/20\/stamm-am-donnerstag-13-juli-1930-uhr\/#article","isPartOf":{"@id":"https:\/\/www.frauenpodiumgossau-zh.ch\/index.php\/2023\/05\/20\/stamm-am-donnerstag-13-juli-1930-uhr\/"},"author":{"name":"admin","@id":"https:\/\/www.frauenpodiumgossau-zh.ch\/#\/schema\/person\/7e3d71bb4d55ff272302782fa36381b8"},"headline":"Stamm am Donnerstag, 13. Juli, 19:30 Uhr","datePublished":"2023-05-20T16:41:39+00:00","dateModified":"2025-08-22T13:14:44+00:00","mainEntityOfPage":{"@id":"https:\/\/www.frauenpodiumgossau-zh.ch\/index.php\/2023\/05\/20\/stamm-am-donnerstag-13-juli-1930-uhr\/"},"wordCount":203,"publisher":{"@id":"https:\/\/www.frauenpodiumgossau-zh.ch\/#organization"},"image":{"@id":"https:\/\/www.frauenpodiumgossau-zh.ch\/index.php\/2023\/05\/20\/stamm-am-donnerstag-13-juli-1930-uhr\/#primaryimage"},"thumbnailUrl":"https:\/\/www.frauenpodiumgossau-zh.ch\/wp-content\/uploads\/2023\/05\/iStock-1399216490-FrauenDiskutieren-m.jpg","articleSection":["Veranstaltungen"],"inLanguage":"de"},{"@type":"WebPage","@id":"https:\/\/www.frauenpodiumgossau-zh.ch\/index.php\/2023\/05\/20\/stamm-am-donnerstag-13-juli-1930-uhr\/","url":"https:\/\/www.frauenpodiumgossau-zh.ch\/index.php\/2023\/05\/20\/stamm-am-donnerstag-13-juli-1930-uhr\/","name":"Stamm am Donnerstag, 13. Juli, 19:30 Uhr - Politisches Frauenpodium Gossau ZH","isPartOf":{"@id":"https:\/\/www.frauenpodiumgossau-zh.ch\/#website"},"primaryImageOfPage":{"@id":"https:\/\/www.frauenpodiumgossau-zh.ch\/index.php\/2023\/05\/20\/stamm-am-donnerstag-13-juli-1930-uhr\/#primaryimage"},"image":{"@id":"https:\/\/www.frauenpodiumgossau-zh.ch\/index.php\/2023\/05\/20\/stamm-am-donnerstag-13-juli-1930-uhr\/#primaryimage"},"thumbnailUrl":"https:\/\/www.frauenpodiumgossau-zh.ch\/wp-content\/uploads\/2023\/05\/iStock-1399216490-FrauenDiskutieren-m.jpg","datePublished":"2023-05-20T16:41:39+00:00","dateModified":"2025-08-22T13:14:44+00:00","breadcrumb":{"@id":"https:\/\/www.frauenpodiumgossau-zh.ch\/index.php\/2023\/05\/20\/stamm-am-donnerstag-13-juli-1930-uhr\/#breadcrumb"},"inLanguage":"de","potentialAction":[{"@type":"ReadAction","target":["https:\/\/www.frauenpodiumgossau-zh.ch\/index.php\/2023\/05\/20\/stamm-am-donnerstag-13-juli-1930-uhr\/"]}]},{"@type":"ImageObject","inLanguage":"de","@id":"https:\/\/www.frauenpodiumgossau-zh.ch\/index.php\/2023\/05\/20\/stamm-am-donnerstag-13-juli-1930-uhr\/#primaryimage","url":"https:\/\/www.frauenpodiumgossau-zh.ch\/wp-content\/uploads\/2023\/05\/iStock-1399216490-FrauenDiskutieren-m.jpg","contentUrl":"https:\/\/www.frauenpodiumgossau-zh.ch\/wp-content\/uploads\/2023\/05\/iStock-1399216490-FrauenDiskutieren-m.jpg","width":648,"height":417},{"@type":"BreadcrumbList","@id":"https:\/\/www.frauenpodiumgossau-zh.ch\/index.php\/2023\/05\/20\/stamm-am-donnerstag-13-juli-1930-uhr\/#breadcrumb","itemListElement":[{"@type":"ListItem","position":1,"name":"Startseite","item":"https:\/\/www.frauenpodiumgossau-zh.ch\/"},{"@type":"ListItem","position":2,"name":"Stamm am Donnerstag, 13. Juli, 19:30 Uhr"}]},{"@type":"WebSite","@id":"https:\/\/www.frauenpodiumgossau-zh.ch\/#website","url":"https:\/\/www.frauenpodiumgossau-zh.ch\/","name":"Politisches Frauenpodium Gossau ZH","description":"Z\u00e4me z Wort cho","publisher":{"@id":"https:\/\/www.frauenpodiumgossau-zh.ch\/#organization"},"potentialAction":[{"@type":"SearchAction","target":{"@type":"EntryPoint","urlTemplate":"https:\/\/www.frauenpodiumgossau-zh.ch\/?s={search_term_string}"},"query-input":{"@type":"PropertyValueSpecification","valueRequired":true,"valueName":"search_term_string"}}],"inLanguage":"de"},{"@type":"Organization","@id":"https:\/\/www.frauenpodiumgossau-zh.ch\/#organization","name":"Politisches Frauenpodium Gossau ZH","url":"https:\/\/www.frauenpodiumgossau-zh.ch\/","logo":{"@type":"ImageObject","inLanguage":"de","@id":"https:\/\/www.frauenpodiumgossau-zh.ch\/#\/schema\/logo\/image\/","url":"https:\/\/www.frauenpodiumgossau-zh.ch\/wp-content\/uploads\/2020\/01\/Frauenpodium-Logo-lila-ohne-Text.jpg","contentUrl":"https:\/\/www.frauenpodiumgossau-zh.ch\/wp-content\/uploads\/2020\/01\/Frauenpodium-Logo-lila-ohne-Text.jpg","width":1480,"height":1200,"caption":"Politisches Frauenpodium Gossau ZH"},"image":{"@id":"https:\/\/www.frauenpodiumgossau-zh.ch\/#\/schema\/logo\/image\/"}},{"@type":"Person","@id":"https:\/\/www.frauenpodiumgossau-zh.ch\/#\/schema\/person\/7e3d71bb4d55ff272302782fa36381b8","name":"admin","image":{"@type":"ImageObject","inLanguage":"de","@id":"https:\/\/secure.gravatar.com\/avatar\/c9ad5a5e75381a98acc7a6f92eeee9d0a51e2541002d70c1dac4691ddb5cab2b?s=96&d=mm&r=g","url":"https:\/\/secure.gravatar.com\/avatar\/c9ad5a5e75381a98acc7a6f92eeee9d0a51e2541002d70c1dac4691ddb5cab2b?s=96&d=mm&r=g","contentUrl":"https:\/\/secure.gravatar.com\/avatar\/c9ad5a5e75381a98acc7a6f92eeee9d0a51e2541002d70c1dac4691ddb5cab2b?s=96&d=mm&r=g","caption":"admin"},"url":"https:\/\/www.frauenpodiumgossau-zh.ch\/index.php\/author\/richard_vvkm1238\/"}]}},"_links":{"self":[{"href":"https:\/\/www.frauenpodiumgossau-zh.ch\/index.php\/wp-json\/wp\/v2\/posts\/651","targetHints":{"allow":["GET"]}}],"collection":[{"href":"https:\/\/www.frauenpodiumgossau-zh.ch\/index.php\/wp-json\/wp\/v2\/posts"}],"about":[{"href":"https:\/\/www.frauenpodiumgossau-zh.ch\/index.php\/wp-json\/wp\/v2\/types\/post"}],"author":[{"embeddable":true,"href":"https:\/\/www.frauenpodiumgossau-zh.ch\/index.php\/wp-json\/wp\/v2\/users\/1"}],"replies":[{"embeddable":true,"href":"https:\/\/www.frauenpodiumgossau-zh.ch\/index.php\/wp-json\/wp\/v2\/comments?post=651"}],"version-history":[{"count":6,"href":"https:\/\/www.frauenpodiumgossau-zh.ch\/index.php\/wp-json\/wp\/v2\/posts\/651\/revisions"}],"predecessor-version":[{"id":715,"href":"https:\/\/www.frauenpodiumgossau-zh.ch\/index.php\/wp-json\/wp\/v2\/posts\/651\/revisions\/715"}],"wp:attachment":[{"href":"https:\/\/www.frauenpodiumgossau-zh.ch\/index.php\/wp-json\/wp\/v2\/media?parent=651"}],"wp:term":[{"taxonomy":"category","embeddable":true,"href":"https:\/\/www.frauenpodiumgossau-zh.ch\/index.php\/wp-json\/wp\/v2\/categories?post=651"},{"taxonomy":"post_tag","embeddable":true,"href":"https:\/\/www.frauenpodiumgossau-zh.ch\/index.php\/wp-json\/wp\/v2\/tags?post=651"}],"curies":[{"name":"wp","href":"https:\/\/api.w.org\/{rel}","templated":true}]}}