{"id":69,"date":"2020-06-14T07:39:00","date_gmt":"2020-06-14T07:39:00","guid":{"rendered":"https:\/\/www.frauenpodiumgossau-zh.ch\/?p=69"},"modified":"2025-08-22T13:20:17","modified_gmt":"2025-08-22T13:20:17","slug":"weitere-anlaesse","status":"publish","type":"post","link":"https:\/\/www.frauenpodiumgossau-zh.ch\/index.php\/2020\/06\/14\/weitere-anlaesse\/","title":{"rendered":"Vergangene Anl\u00e4sse im ersten Halbjahr 2020"},"content":{"rendered":"\n<h4 class=\"wp-block-heading\">Sonntag 14. Juni 2020 Frauenstreiktag<\/h4>\n\n\n\n<p class=\"wp-block-paragraph\">Wann, wenn nicht jetzt? Frauen* z\u00e4hlen! <a href=\"https:\/\/www.frauenzentrale-zh.ch\/resources\/Def-24_DE_Frauenbuendnis-2020_Appell-an-den-Bundesrat-und-Palament1.pdf\" target=\"_blank\" rel=\"noreferrer noopener\">Appell <\/a>an den Bundesrat und das Parlament, unterst\u00fctzt von der Frauenzentrale Z\u00fcrich und vielen weiteren Organisationen <\/p>\n\n\n\n<figure class=\"wp-block-image size-large\"><img loading=\"lazy\" decoding=\"async\" width=\"1024\" height=\"659\" src=\"https:\/\/www.frauenpodiumgossau-zh.ch\/wp-content\/uploads\/2020\/06\/Editorial-FB-zum-Frauenstreiktag2019-1024x659.jpg\" alt=\"\" class=\"wp-image-166\" srcset=\"https:\/\/www.frauenpodiumgossau-zh.ch\/wp-content\/uploads\/2020\/06\/Editorial-FB-zum-Frauenstreiktag2019-1024x659.jpg 1024w, https:\/\/www.frauenpodiumgossau-zh.ch\/wp-content\/uploads\/2020\/06\/Editorial-FB-zum-Frauenstreiktag2019-300x193.jpg 300w, https:\/\/www.frauenpodiumgossau-zh.ch\/wp-content\/uploads\/2020\/06\/Editorial-FB-zum-Frauenstreiktag2019-768x494.jpg 768w, https:\/\/www.frauenpodiumgossau-zh.ch\/wp-content\/uploads\/2020\/06\/Editorial-FB-zum-Frauenstreiktag2019-1536x989.jpg 1536w, https:\/\/www.frauenpodiumgossau-zh.ch\/wp-content\/uploads\/2020\/06\/Editorial-FB-zum-Frauenstreiktag2019.jpg 2048w\" sizes=\"auto, (max-width: 767px) 89vw, (max-width: 1000px) 54vw, (max-width: 1071px) 543px, 580px\" \/><figcaption>Unsere Startseite am 14. Juni 2019<\/figcaption><\/figure>\n\n\n\n<h4 class=\"wp-block-heading\">Freitag 15. Mai Maibummel ist abgesagt<\/h4>\n\n\n\n<p class=\"wp-block-paragraph\">Das gemeinsame Bummeln w\u00e4re toll, doch der anschliessende Znacht ist mit grosser Distanz vor Ort nicht durchf\u00fchrbar.  Hier die ehemaligen <a href=\"https:\/\/www.frauenpodiumgossau-zh.ch\/wp-content\/uploads\/2020\/02\/Maibummel2020.pdf\">I<\/a><a rel=\"noreferrer noopener\" aria-label=\"nformationen  (\u00f6ffnet in neuem Tab)\" href=\"https:\/\/www.frauenpodiumgossau-zh.ch\/wp-content\/uploads\/2020\/02\/Maibummel2020.pdf\" target=\"_blank\">nformationen <\/a><\/p>\n\n\n\n<h4 class=\"wp-block-heading\">Montag 8. Juni Polith\u00f6ck ist abgesagt wie die Gemeindeversammlung am 15. Juni<\/h4>\n","protected":false},"excerpt":{"rendered":"<p>Sonntag 14. Juni 2020 Frauenstreiktag Wann, wenn nicht jetzt? Frauen* z\u00e4hlen! Appell an den Bundesrat und das Parlament, unterst\u00fctzt von der Frauenzentrale Z\u00fcrich und vielen weiteren Organisationen Freitag 15. Mai Maibummel ist abgesagt Das gemeinsame Bummeln w\u00e4re toll, doch der anschliessende Znacht ist mit grosser Distanz vor Ort nicht durchf\u00fchrbar. Hier die ehemaligen Informationen Montag &hellip; <\/p>\n<p class=\"link-more\"><a href=\"https:\/\/www.frauenpodiumgossau-zh.ch\/index.php\/2020\/06\/14\/weitere-anlaesse\/\" class=\"more-link\"><span class=\"screen-reader-text\">\u201eVergangene Anl\u00e4sse im ersten Halbjahr 2020\u201c <\/span>weiterlesen<\/a><\/p>\n","protected":false},"author":1,"featured_media":0,"comment_status":"open","ping_status":"open","sticky":false,"template":"","format":"standard","meta":{"footnotes":""},"categories":[1],"tags":[],"class_list":["post-69","post","type-post","status-publish","format-standard","hentry","category-veranstaltungen"],"yoast_head":"<!-- This site is optimized with the Yoast SEO plugin v27.7 - https:\/\/yoast.com\/product\/yoast-seo-wordpress\/ -->\n<title>Vergangene Anl\u00e4sse im ersten Halbjahr 2020 - Politisches Frauenpodium Gossau ZH<\/title>\n<meta name=\"robots\" content=\"index, follow, max-snippet:-1, max-image-preview:large, max-video-preview:-1\" \/>\n<link rel=\"canonical\" href=\"https:\/\/www.frauenpodiumgossau-zh.ch\/index.php\/2020\/06\/14\/weitere-anlaesse\/\" \/>\n<meta property=\"og:locale\" content=\"de_DE\" \/>\n<meta property=\"og:type\" content=\"article\" \/>\n<meta property=\"og:title\" content=\"Vergangene Anl\u00e4sse im ersten Halbjahr 2020 - Politisches Frauenpodium Gossau ZH\" \/>\n<meta property=\"og:description\" content=\"Sonntag 14. Juni 2020 Frauenstreiktag Wann, wenn nicht jetzt? Frauen* z\u00e4hlen! Appell an den Bundesrat und das Parlament, unterst\u00fctzt von der Frauenzentrale Z\u00fcrich und vielen weiteren Organisationen Freitag 15. Mai Maibummel ist abgesagt Das gemeinsame Bummeln w\u00e4re toll, doch der anschliessende Znacht ist mit grosser Distanz vor Ort nicht durchf\u00fchrbar. Hier die ehemaligen Informationen Montag &hellip; \u201eVergangene Anl\u00e4sse im ersten Halbjahr 2020\u201c weiterlesen\" \/>\n<meta property=\"og:url\" content=\"https:\/\/www.frauenpodiumgossau-zh.ch\/index.php\/2020\/06\/14\/weitere-anlaesse\/\" \/>\n<meta property=\"og:site_name\" content=\"Politisches Frauenpodium Gossau ZH\" \/>\n<meta property=\"article:published_time\" content=\"2020-06-14T07:39:00+00:00\" \/>\n<meta property=\"article:modified_time\" content=\"2025-08-22T13:20:17+00:00\" \/>\n<meta property=\"og:image\" content=\"https:\/\/www.frauenpodiumgossau-zh.ch\/wp-content\/uploads\/2020\/06\/Editorial-FB-zum-Frauenstreiktag2019.jpg\" \/>\n\t<meta property=\"og:image:width\" content=\"2048\" \/>\n\t<meta property=\"og:image:height\" content=\"1318\" \/>\n\t<meta property=\"og:image:type\" content=\"image\/jpeg\" \/>\n<meta name=\"author\" content=\"admin\" \/>\n<meta name=\"twitter:card\" content=\"summary_large_image\" \/>\n<meta name=\"twitter:label1\" content=\"Verfasst von\" \/>\n\t<meta name=\"twitter:data1\" content=\"\" \/>\n<script type=\"application\/ld+json\" class=\"yoast-schema-graph\">{\"@context\":\"https:\\\/\\\/schema.org\",\"@graph\":[{\"@type\":\"Article\",\"@id\":\"https:\\\/\\\/www.frauenpodiumgossau-zh.ch\\\/index.php\\\/2020\\\/06\\\/14\\\/weitere-anlaesse\\\/#article\",\"isPartOf\":{\"@id\":\"https:\\\/\\\/www.frauenpodiumgossau-zh.ch\\\/index.php\\\/2020\\\/06\\\/14\\\/weitere-anlaesse\\\/\"},\"author\":{\"name\":\"admin\",\"@id\":\"https:\\\/\\\/www.frauenpodiumgossau-zh.ch\\\/#\\\/schema\\\/person\\\/7e3d71bb4d55ff272302782fa36381b8\"},\"headline\":\"Vergangene Anl\u00e4sse im ersten Halbjahr 2020\",\"datePublished\":\"2020-06-14T07:39:00+00:00\",\"dateModified\":\"2025-08-22T13:20:17+00:00\",\"mainEntityOfPage\":{\"@id\":\"https:\\\/\\\/www.frauenpodiumgossau-zh.ch\\\/index.php\\\/2020\\\/06\\\/14\\\/weitere-anlaesse\\\/\"},\"wordCount\":78,\"commentCount\":0,\"publisher\":{\"@id\":\"https:\\\/\\\/www.frauenpodiumgossau-zh.ch\\\/#organization\"},\"image\":{\"@id\":\"https:\\\/\\\/www.frauenpodiumgossau-zh.ch\\\/index.php\\\/2020\\\/06\\\/14\\\/weitere-anlaesse\\\/#primaryimage\"},\"thumbnailUrl\":\"https:\\\/\\\/www.frauenpodiumgossau-zh.ch\\\/wp-content\\\/uploads\\\/2020\\\/06\\\/Editorial-FB-zum-Frauenstreiktag2019-1024x659.jpg\",\"articleSection\":[\"Veranstaltungen\"],\"inLanguage\":\"de\",\"potentialAction\":[{\"@type\":\"CommentAction\",\"name\":\"Comment\",\"target\":[\"https:\\\/\\\/www.frauenpodiumgossau-zh.ch\\\/index.php\\\/2020\\\/06\\\/14\\\/weitere-anlaesse\\\/#respond\"]}]},{\"@type\":\"WebPage\",\"@id\":\"https:\\\/\\\/www.frauenpodiumgossau-zh.ch\\\/index.php\\\/2020\\\/06\\\/14\\\/weitere-anlaesse\\\/\",\"url\":\"https:\\\/\\\/www.frauenpodiumgossau-zh.ch\\\/index.php\\\/2020\\\/06\\\/14\\\/weitere-anlaesse\\\/\",\"name\":\"Vergangene Anl\u00e4sse im ersten Halbjahr 2020 - Politisches Frauenpodium Gossau ZH\",\"isPartOf\":{\"@id\":\"https:\\\/\\\/www.frauenpodiumgossau-zh.ch\\\/#website\"},\"primaryImageOfPage\":{\"@id\":\"https:\\\/\\\/www.frauenpodiumgossau-zh.ch\\\/index.php\\\/2020\\\/06\\\/14\\\/weitere-anlaesse\\\/#primaryimage\"},\"image\":{\"@id\":\"https:\\\/\\\/www.frauenpodiumgossau-zh.ch\\\/index.php\\\/2020\\\/06\\\/14\\\/weitere-anlaesse\\\/#primaryimage\"},\"thumbnailUrl\":\"https:\\\/\\\/www.frauenpodiumgossau-zh.ch\\\/wp-content\\\/uploads\\\/2020\\\/06\\\/Editorial-FB-zum-Frauenstreiktag2019-1024x659.jpg\",\"datePublished\":\"2020-06-14T07:39:00+00:00\",\"dateModified\":\"2025-08-22T13:20:17+00:00\",\"breadcrumb\":{\"@id\":\"https:\\\/\\\/www.frauenpodiumgossau-zh.ch\\\/index.php\\\/2020\\\/06\\\/14\\\/weitere-anlaesse\\\/#breadcrumb\"},\"inLanguage\":\"de\",\"potentialAction\":[{\"@type\":\"ReadAction\",\"target\":[\"https:\\\/\\\/www.frauenpodiumgossau-zh.ch\\\/index.php\\\/2020\\\/06\\\/14\\\/weitere-anlaesse\\\/\"]}]},{\"@type\":\"ImageObject\",\"inLanguage\":\"de\",\"@id\":\"https:\\\/\\\/www.frauenpodiumgossau-zh.ch\\\/index.php\\\/2020\\\/06\\\/14\\\/weitere-anlaesse\\\/#primaryimage\",\"url\":\"https:\\\/\\\/www.frauenpodiumgossau-zh.ch\\\/wp-content\\\/uploads\\\/2020\\\/06\\\/Editorial-FB-zum-Frauenstreiktag2019.jpg\",\"contentUrl\":\"https:\\\/\\\/www.frauenpodiumgossau-zh.ch\\\/wp-content\\\/uploads\\\/2020\\\/06\\\/Editorial-FB-zum-Frauenstreiktag2019.jpg\",\"width\":2048,\"height\":1318},{\"@type\":\"BreadcrumbList\",\"@id\":\"https:\\\/\\\/www.frauenpodiumgossau-zh.ch\\\/index.php\\\/2020\\\/06\\\/14\\\/weitere-anlaesse\\\/#breadcrumb\",\"itemListElement\":[{\"@type\":\"ListItem\",\"position\":1,\"name\":\"Startseite\",\"item\":\"https:\\\/\\\/www.frauenpodiumgossau-zh.ch\\\/\"},{\"@type\":\"ListItem\",\"position\":2,\"name\":\"Vergangene Anl\u00e4sse im ersten Halbjahr 2020\"}]},{\"@type\":\"WebSite\",\"@id\":\"https:\\\/\\\/www.frauenpodiumgossau-zh.ch\\\/#website\",\"url\":\"https:\\\/\\\/www.frauenpodiumgossau-zh.ch\\\/\",\"name\":\"Politisches Frauenpodium Gossau ZH\",\"description\":\"Z\u00e4me z Wort cho\",\"publisher\":{\"@id\":\"https:\\\/\\\/www.frauenpodiumgossau-zh.ch\\\/#organization\"},\"potentialAction\":[{\"@type\":\"SearchAction\",\"target\":{\"@type\":\"EntryPoint\",\"urlTemplate\":\"https:\\\/\\\/www.frauenpodiumgossau-zh.ch\\\/?s={search_term_string}\"},\"query-input\":{\"@type\":\"PropertyValueSpecification\",\"valueRequired\":true,\"valueName\":\"search_term_string\"}}],\"inLanguage\":\"de\"},{\"@type\":\"Organization\",\"@id\":\"https:\\\/\\\/www.frauenpodiumgossau-zh.ch\\\/#organization\",\"name\":\"Politisches Frauenpodium Gossau ZH\",\"url\":\"https:\\\/\\\/www.frauenpodiumgossau-zh.ch\\\/\",\"logo\":{\"@type\":\"ImageObject\",\"inLanguage\":\"de\",\"@id\":\"https:\\\/\\\/www.frauenpodiumgossau-zh.ch\\\/#\\\/schema\\\/logo\\\/image\\\/\",\"url\":\"https:\\\/\\\/www.frauenpodiumgossau-zh.ch\\\/wp-content\\\/uploads\\\/2020\\\/01\\\/Frauenpodium-Logo-lila-ohne-Text.jpg\",\"contentUrl\":\"https:\\\/\\\/www.frauenpodiumgossau-zh.ch\\\/wp-content\\\/uploads\\\/2020\\\/01\\\/Frauenpodium-Logo-lila-ohne-Text.jpg\",\"width\":1480,\"height\":1200,\"caption\":\"Politisches Frauenpodium Gossau ZH\"},\"image\":{\"@id\":\"https:\\\/\\\/www.frauenpodiumgossau-zh.ch\\\/#\\\/schema\\\/logo\\\/image\\\/\"}},{\"@type\":\"Person\",\"@id\":\"https:\\\/\\\/www.frauenpodiumgossau-zh.ch\\\/#\\\/schema\\\/person\\\/7e3d71bb4d55ff272302782fa36381b8\",\"name\":\"admin\",\"image\":{\"@type\":\"ImageObject\",\"inLanguage\":\"de\",\"@id\":\"https:\\\/\\\/secure.gravatar.com\\\/avatar\\\/c9ad5a5e75381a98acc7a6f92eeee9d0a51e2541002d70c1dac4691ddb5cab2b?s=96&d=mm&r=g\",\"url\":\"https:\\\/\\\/secure.gravatar.com\\\/avatar\\\/c9ad5a5e75381a98acc7a6f92eeee9d0a51e2541002d70c1dac4691ddb5cab2b?s=96&d=mm&r=g\",\"contentUrl\":\"https:\\\/\\\/secure.gravatar.com\\\/avatar\\\/c9ad5a5e75381a98acc7a6f92eeee9d0a51e2541002d70c1dac4691ddb5cab2b?s=96&d=mm&r=g\",\"caption\":\"admin\"},\"url\":\"https:\\\/\\\/www.frauenpodiumgossau-zh.ch\\\/index.php\\\/author\\\/richard_vvkm1238\\\/\"}]}<\/script>\n<!-- \/ Yoast SEO plugin. -->","yoast_head_json":{"title":"Vergangene Anl\u00e4sse im ersten Halbjahr 2020 - Politisches Frauenpodium Gossau ZH","robots":{"index":"index","follow":"follow","max-snippet":"max-snippet:-1","max-image-preview":"max-image-preview:large","max-video-preview":"max-video-preview:-1"},"canonical":"https:\/\/www.frauenpodiumgossau-zh.ch\/index.php\/2020\/06\/14\/weitere-anlaesse\/","og_locale":"de_DE","og_type":"article","og_title":"Vergangene Anl\u00e4sse im ersten Halbjahr 2020 - Politisches Frauenpodium Gossau ZH","og_description":"Sonntag 14. Juni 2020 Frauenstreiktag Wann, wenn nicht jetzt? Frauen* z\u00e4hlen! Appell an den Bundesrat und das Parlament, unterst\u00fctzt von der Frauenzentrale Z\u00fcrich und vielen weiteren Organisationen Freitag 15. Mai Maibummel ist abgesagt Das gemeinsame Bummeln w\u00e4re toll, doch der anschliessende Znacht ist mit grosser Distanz vor Ort nicht durchf\u00fchrbar. Hier die ehemaligen Informationen Montag &hellip; \u201eVergangene Anl\u00e4sse im ersten Halbjahr 2020\u201c weiterlesen","og_url":"https:\/\/www.frauenpodiumgossau-zh.ch\/index.php\/2020\/06\/14\/weitere-anlaesse\/","og_site_name":"Politisches Frauenpodium Gossau ZH","article_published_time":"2020-06-14T07:39:00+00:00","article_modified_time":"2025-08-22T13:20:17+00:00","og_image":[{"width":2048,"height":1318,"url":"https:\/\/www.frauenpodiumgossau-zh.ch\/wp-content\/uploads\/2020\/06\/Editorial-FB-zum-Frauenstreiktag2019.jpg","type":"image\/jpeg"}],"author":"admin","twitter_card":"summary_large_image","twitter_misc":{"Verfasst von":false},"schema":{"@context":"https:\/\/schema.org","@graph":[{"@type":"Article","@id":"https:\/\/www.frauenpodiumgossau-zh.ch\/index.php\/2020\/06\/14\/weitere-anlaesse\/#article","isPartOf":{"@id":"https:\/\/www.frauenpodiumgossau-zh.ch\/index.php\/2020\/06\/14\/weitere-anlaesse\/"},"author":{"name":"admin","@id":"https:\/\/www.frauenpodiumgossau-zh.ch\/#\/schema\/person\/7e3d71bb4d55ff272302782fa36381b8"},"headline":"Vergangene Anl\u00e4sse im ersten Halbjahr 2020","datePublished":"2020-06-14T07:39:00+00:00","dateModified":"2025-08-22T13:20:17+00:00","mainEntityOfPage":{"@id":"https:\/\/www.frauenpodiumgossau-zh.ch\/index.php\/2020\/06\/14\/weitere-anlaesse\/"},"wordCount":78,"commentCount":0,"publisher":{"@id":"https:\/\/www.frauenpodiumgossau-zh.ch\/#organization"},"image":{"@id":"https:\/\/www.frauenpodiumgossau-zh.ch\/index.php\/2020\/06\/14\/weitere-anlaesse\/#primaryimage"},"thumbnailUrl":"https:\/\/www.frauenpodiumgossau-zh.ch\/wp-content\/uploads\/2020\/06\/Editorial-FB-zum-Frauenstreiktag2019-1024x659.jpg","articleSection":["Veranstaltungen"],"inLanguage":"de","potentialAction":[{"@type":"CommentAction","name":"Comment","target":["https:\/\/www.frauenpodiumgossau-zh.ch\/index.php\/2020\/06\/14\/weitere-anlaesse\/#respond"]}]},{"@type":"WebPage","@id":"https:\/\/www.frauenpodiumgossau-zh.ch\/index.php\/2020\/06\/14\/weitere-anlaesse\/","url":"https:\/\/www.frauenpodiumgossau-zh.ch\/index.php\/2020\/06\/14\/weitere-anlaesse\/","name":"Vergangene Anl\u00e4sse im ersten Halbjahr 2020 - Politisches Frauenpodium Gossau ZH","isPartOf":{"@id":"https:\/\/www.frauenpodiumgossau-zh.ch\/#website"},"primaryImageOfPage":{"@id":"https:\/\/www.frauenpodiumgossau-zh.ch\/index.php\/2020\/06\/14\/weitere-anlaesse\/#primaryimage"},"image":{"@id":"https:\/\/www.frauenpodiumgossau-zh.ch\/index.php\/2020\/06\/14\/weitere-anlaesse\/#primaryimage"},"thumbnailUrl":"https:\/\/www.frauenpodiumgossau-zh.ch\/wp-content\/uploads\/2020\/06\/Editorial-FB-zum-Frauenstreiktag2019-1024x659.jpg","datePublished":"2020-06-14T07:39:00+00:00","dateModified":"2025-08-22T13:20:17+00:00","breadcrumb":{"@id":"https:\/\/www.frauenpodiumgossau-zh.ch\/index.php\/2020\/06\/14\/weitere-anlaesse\/#breadcrumb"},"inLanguage":"de","potentialAction":[{"@type":"ReadAction","target":["https:\/\/www.frauenpodiumgossau-zh.ch\/index.php\/2020\/06\/14\/weitere-anlaesse\/"]}]},{"@type":"ImageObject","inLanguage":"de","@id":"https:\/\/www.frauenpodiumgossau-zh.ch\/index.php\/2020\/06\/14\/weitere-anlaesse\/#primaryimage","url":"https:\/\/www.frauenpodiumgossau-zh.ch\/wp-content\/uploads\/2020\/06\/Editorial-FB-zum-Frauenstreiktag2019.jpg","contentUrl":"https:\/\/www.frauenpodiumgossau-zh.ch\/wp-content\/uploads\/2020\/06\/Editorial-FB-zum-Frauenstreiktag2019.jpg","width":2048,"height":1318},{"@type":"BreadcrumbList","@id":"https:\/\/www.frauenpodiumgossau-zh.ch\/index.php\/2020\/06\/14\/weitere-anlaesse\/#breadcrumb","itemListElement":[{"@type":"ListItem","position":1,"name":"Startseite","item":"https:\/\/www.frauenpodiumgossau-zh.ch\/"},{"@type":"ListItem","position":2,"name":"Vergangene Anl\u00e4sse im ersten Halbjahr 2020"}]},{"@type":"WebSite","@id":"https:\/\/www.frauenpodiumgossau-zh.ch\/#website","url":"https:\/\/www.frauenpodiumgossau-zh.ch\/","name":"Politisches Frauenpodium Gossau ZH","description":"Z\u00e4me z Wort cho","publisher":{"@id":"https:\/\/www.frauenpodiumgossau-zh.ch\/#organization"},"potentialAction":[{"@type":"SearchAction","target":{"@type":"EntryPoint","urlTemplate":"https:\/\/www.frauenpodiumgossau-zh.ch\/?s={search_term_string}"},"query-input":{"@type":"PropertyValueSpecification","valueRequired":true,"valueName":"search_term_string"}}],"inLanguage":"de"},{"@type":"Organization","@id":"https:\/\/www.frauenpodiumgossau-zh.ch\/#organization","name":"Politisches Frauenpodium Gossau ZH","url":"https:\/\/www.frauenpodiumgossau-zh.ch\/","logo":{"@type":"ImageObject","inLanguage":"de","@id":"https:\/\/www.frauenpodiumgossau-zh.ch\/#\/schema\/logo\/image\/","url":"https:\/\/www.frauenpodiumgossau-zh.ch\/wp-content\/uploads\/2020\/01\/Frauenpodium-Logo-lila-ohne-Text.jpg","contentUrl":"https:\/\/www.frauenpodiumgossau-zh.ch\/wp-content\/uploads\/2020\/01\/Frauenpodium-Logo-lila-ohne-Text.jpg","width":1480,"height":1200,"caption":"Politisches Frauenpodium Gossau ZH"},"image":{"@id":"https:\/\/www.frauenpodiumgossau-zh.ch\/#\/schema\/logo\/image\/"}},{"@type":"Person","@id":"https:\/\/www.frauenpodiumgossau-zh.ch\/#\/schema\/person\/7e3d71bb4d55ff272302782fa36381b8","name":"admin","image":{"@type":"ImageObject","inLanguage":"de","@id":"https:\/\/secure.gravatar.com\/avatar\/c9ad5a5e75381a98acc7a6f92eeee9d0a51e2541002d70c1dac4691ddb5cab2b?s=96&d=mm&r=g","url":"https:\/\/secure.gravatar.com\/avatar\/c9ad5a5e75381a98acc7a6f92eeee9d0a51e2541002d70c1dac4691ddb5cab2b?s=96&d=mm&r=g","contentUrl":"https:\/\/secure.gravatar.com\/avatar\/c9ad5a5e75381a98acc7a6f92eeee9d0a51e2541002d70c1dac4691ddb5cab2b?s=96&d=mm&r=g","caption":"admin"},"url":"https:\/\/www.frauenpodiumgossau-zh.ch\/index.php\/author\/richard_vvkm1238\/"}]}},"_links":{"self":[{"href":"https:\/\/www.frauenpodiumgossau-zh.ch\/index.php\/wp-json\/wp\/v2\/posts\/69","targetHints":{"allow":["GET"]}}],"collection":[{"href":"https:\/\/www.frauenpodiumgossau-zh.ch\/index.php\/wp-json\/wp\/v2\/posts"}],"about":[{"href":"https:\/\/www.frauenpodiumgossau-zh.ch\/index.php\/wp-json\/wp\/v2\/types\/post"}],"author":[{"embeddable":true,"href":"https:\/\/www.frauenpodiumgossau-zh.ch\/index.php\/wp-json\/wp\/v2\/users\/1"}],"replies":[{"embeddable":true,"href":"https:\/\/www.frauenpodiumgossau-zh.ch\/index.php\/wp-json\/wp\/v2\/comments?post=69"}],"version-history":[{"count":16,"href":"https:\/\/www.frauenpodiumgossau-zh.ch\/index.php\/wp-json\/wp\/v2\/posts\/69\/revisions"}],"predecessor-version":[{"id":240,"href":"https:\/\/www.frauenpodiumgossau-zh.ch\/index.php\/wp-json\/wp\/v2\/posts\/69\/revisions\/240"}],"wp:attachment":[{"href":"https:\/\/www.frauenpodiumgossau-zh.ch\/index.php\/wp-json\/wp\/v2\/media?parent=69"}],"wp:term":[{"taxonomy":"category","embeddable":true,"href":"https:\/\/www.frauenpodiumgossau-zh.ch\/index.php\/wp-json\/wp\/v2\/categories?post=69"},{"taxonomy":"post_tag","embeddable":true,"href":"https:\/\/www.frauenpodiumgossau-zh.ch\/index.php\/wp-json\/wp\/v2\/tags?post=69"}],"curies":[{"name":"wp","href":"https:\/\/api.w.org\/{rel}","templated":true}]}}