{"id":774,"date":"2024-02-14T13:00:00","date_gmt":"2024-02-14T13:00:00","guid":{"rendered":"https:\/\/www.frauenpodiumgossau-zh.ch\/?p=774"},"modified":"2025-08-22T13:13:33","modified_gmt":"2025-08-22T13:13:33","slug":"stamm-am-mittwoch-10-juli-1930-uhr","status":"publish","type":"post","link":"https:\/\/www.frauenpodiumgossau-zh.ch\/index.php\/2024\/02\/14\/stamm-am-mittwoch-10-juli-1930-uhr\/","title":{"rendered":"Stamm Juli 2024"},"content":{"rendered":"\n<figure class=\"wp-block-image size-large\"><img loading=\"lazy\" decoding=\"async\" width=\"1024\" height=\"709\" src=\"https:\/\/www.frauenpodiumgossau-zh.ch\/wp-content\/uploads\/2024\/05\/2024-07-10-VeratmeteRaumluft-WoliegtsProblem-Flyer-1-1024x709.jpg\" alt=\"\" class=\"wp-image-820\" srcset=\"https:\/\/www.frauenpodiumgossau-zh.ch\/wp-content\/uploads\/2024\/05\/2024-07-10-VeratmeteRaumluft-WoliegtsProblem-Flyer-1-1024x709.jpg 1024w, https:\/\/www.frauenpodiumgossau-zh.ch\/wp-content\/uploads\/2024\/05\/2024-07-10-VeratmeteRaumluft-WoliegtsProblem-Flyer-1-300x208.jpg 300w, https:\/\/www.frauenpodiumgossau-zh.ch\/wp-content\/uploads\/2024\/05\/2024-07-10-VeratmeteRaumluft-WoliegtsProblem-Flyer-1-768x532.jpg 768w, https:\/\/www.frauenpodiumgossau-zh.ch\/wp-content\/uploads\/2024\/05\/2024-07-10-VeratmeteRaumluft-WoliegtsProblem-Flyer-1.jpg 1040w\" sizes=\"auto, (max-width: 767px) 89vw, (max-width: 1000px) 54vw, (max-width: 1071px) 543px, 580px\" \/><\/figure>\n\n\n\n<h4 class=\"wp-block-heading\">Veratmete Raumluft: Wo liegt&#8217;s Problem?<\/h4>\n\n\n\n<p class=\"wp-block-paragraph\">Einf\u00fchrung: Andrea Hadorn, Erziehungswissenschaftlerin<\/p>\n\n\n\n<p class=\"wp-block-paragraph\">Die Raumluft ist ein Lebensmittel, das die Gesundheit beeinflusst. \u00d6ffentliche R\u00e4ume sollten eine gute Luftqualit\u00e4t haben. Weshalb? &#8211; Darum geht es am Diskussionsanlass unserer Reihe &#8218;Stamm&#8216;.<\/p>\n\n\n\n<p class=\"wp-block-paragraph\">&#8222;Die kostenlose Abluft-Abfuhr in gut ged\u00e4mmten Publikumsr\u00e4umen ist schnell benannt: L\u00fcften. Doch da beginnen erst Probleme: <br>&#8211; Je mehr Menschen im Raum, desto k\u00fcrzer sollten die Abst\u00e4nde beim L\u00fcften sein; <br>&#8211; h\u00e4ufiges L\u00fcften bringt Energieverluste im Winter; <br>&#8211; es bestehen Budget-, Planungs- und Zust\u00e4ndigkeits-L\u00fccken f\u00fcr den L\u00fcftungseinbau bei \u00f6ffentlichen Bauten wie Schulen und Spit\u00e4lern.<\/p>\n\n\n\n<p class=\"wp-block-paragraph\">Und wozu dient die Eingangs-Frage? &#8211; Zum Lernen f\u00fcr die Endemie &#8222;nach&#8220; der Pandemie; zum Lernen \u00fcber die \u00dcbertragung von Viren \u00fcber die Luft; zum Lernen \u00fcber verbrauchte Luft an sich. Die Luftqualit\u00e4t im Raum kann Gesundheit sch\u00fctzen oder riskieren.<\/p>\n\n\n\n<p class=\"wp-block-paragraph\">Andrea Hadorn-Stuker war bis 2015 Forschungsmitarbeiterin im Z\u00fcrcher Gesundheitswesen. Sie ist neugierig, Disziplinen \u00fcbergreifend zu lernen.&#8220;<\/p>\n\n\n\n<p class=\"wp-block-paragraph\">Der Stamm ist ein \u00f6ffentlicher Diskussionsanlass zu politischen Themen mit der Perspektive Frauenanliegen. Konsumationen gehen auf die eigene Rechnung.<\/p>\n","protected":false},"excerpt":{"rendered":"<p>Veratmete Raumluft: Wo liegt&#8217;s Problem? Einf\u00fchrung: Andrea Hadorn, Erziehungswissenschaftlerin Die Raumluft ist ein Lebensmittel, das die Gesundheit beeinflusst. \u00d6ffentliche R\u00e4ume sollten eine gute Luftqualit\u00e4t haben. Weshalb? &#8211; Darum geht es am Diskussionsanlass unserer Reihe &#8218;Stamm&#8216;. &#8222;Die kostenlose Abluft-Abfuhr in gut ged\u00e4mmten Publikumsr\u00e4umen ist schnell benannt: L\u00fcften. Doch da beginnen erst Probleme: &#8211; Je mehr Menschen &hellip; <\/p>\n<p class=\"link-more\"><a href=\"https:\/\/www.frauenpodiumgossau-zh.ch\/index.php\/2024\/02\/14\/stamm-am-mittwoch-10-juli-1930-uhr\/\" class=\"more-link\"><span class=\"screen-reader-text\">\u201eStamm Juli 2024\u201c <\/span>weiterlesen<\/a><\/p>\n","protected":false},"author":1,"featured_media":0,"comment_status":"closed","ping_status":"open","sticky":false,"template":"","format":"standard","meta":{"footnotes":""},"categories":[1],"tags":[],"class_list":["post-774","post","type-post","status-publish","format-standard","hentry","category-veranstaltungen"],"yoast_head":"<!-- This site is optimized with the Yoast SEO plugin v27.7 - https:\/\/yoast.com\/product\/yoast-seo-wordpress\/ -->\n<title>Stamm Juli 2024 - Politisches Frauenpodium Gossau ZH<\/title>\n<meta name=\"robots\" content=\"index, follow, max-snippet:-1, max-image-preview:large, max-video-preview:-1\" \/>\n<link rel=\"canonical\" href=\"https:\/\/www.frauenpodiumgossau-zh.ch\/index.php\/2024\/02\/14\/stamm-am-mittwoch-10-juli-1930-uhr\/\" \/>\n<meta property=\"og:locale\" content=\"de_DE\" \/>\n<meta property=\"og:type\" content=\"article\" \/>\n<meta property=\"og:title\" content=\"Stamm Juli 2024 - Politisches Frauenpodium Gossau ZH\" \/>\n<meta property=\"og:description\" content=\"Veratmete Raumluft: Wo liegt&#8217;s Problem? Einf\u00fchrung: Andrea Hadorn, Erziehungswissenschaftlerin Die Raumluft ist ein Lebensmittel, das die Gesundheit beeinflusst. \u00d6ffentliche R\u00e4ume sollten eine gute Luftqualit\u00e4t haben. Weshalb? &#8211; Darum geht es am Diskussionsanlass unserer Reihe &#8218;Stamm&#8216;. &#8222;Die kostenlose Abluft-Abfuhr in gut ged\u00e4mmten Publikumsr\u00e4umen ist schnell benannt: L\u00fcften. Doch da beginnen erst Probleme: &#8211; Je mehr Menschen &hellip; \u201eStamm Juli 2024\u201c weiterlesen\" \/>\n<meta property=\"og:url\" content=\"https:\/\/www.frauenpodiumgossau-zh.ch\/index.php\/2024\/02\/14\/stamm-am-mittwoch-10-juli-1930-uhr\/\" \/>\n<meta property=\"og:site_name\" content=\"Politisches Frauenpodium Gossau ZH\" \/>\n<meta property=\"article:published_time\" content=\"2024-02-14T13:00:00+00:00\" \/>\n<meta property=\"article:modified_time\" content=\"2025-08-22T13:13:33+00:00\" \/>\n<meta property=\"og:image\" content=\"https:\/\/www.frauenpodiumgossau-zh.ch\/wp-content\/uploads\/2024\/05\/2024-07-10-VeratmeteRaumluft-WoliegtsProblem-Flyer-1.jpg\" \/>\n\t<meta property=\"og:image:width\" content=\"1040\" \/>\n\t<meta property=\"og:image:height\" content=\"720\" \/>\n\t<meta property=\"og:image:type\" content=\"image\/jpeg\" \/>\n<meta name=\"author\" content=\"admin\" \/>\n<meta name=\"twitter:card\" content=\"summary_large_image\" \/>\n<meta name=\"twitter:label1\" content=\"Verfasst von\" \/>\n\t<meta name=\"twitter:data1\" content=\"\" \/>\n\t<meta name=\"twitter:label2\" content=\"Gesch\u00e4tzte Lesezeit\" \/>\n\t<meta name=\"twitter:data2\" content=\"1\u00a0Minute\" \/>\n<script type=\"application\/ld+json\" class=\"yoast-schema-graph\">{\"@context\":\"https:\\\/\\\/schema.org\",\"@graph\":[{\"@type\":\"Article\",\"@id\":\"https:\\\/\\\/www.frauenpodiumgossau-zh.ch\\\/index.php\\\/2024\\\/02\\\/14\\\/stamm-am-mittwoch-10-juli-1930-uhr\\\/#article\",\"isPartOf\":{\"@id\":\"https:\\\/\\\/www.frauenpodiumgossau-zh.ch\\\/index.php\\\/2024\\\/02\\\/14\\\/stamm-am-mittwoch-10-juli-1930-uhr\\\/\"},\"author\":{\"name\":\"admin\",\"@id\":\"https:\\\/\\\/www.frauenpodiumgossau-zh.ch\\\/#\\\/schema\\\/person\\\/7e3d71bb4d55ff272302782fa36381b8\"},\"headline\":\"Stamm Juli 2024\",\"datePublished\":\"2024-02-14T13:00:00+00:00\",\"dateModified\":\"2025-08-22T13:13:33+00:00\",\"mainEntityOfPage\":{\"@id\":\"https:\\\/\\\/www.frauenpodiumgossau-zh.ch\\\/index.php\\\/2024\\\/02\\\/14\\\/stamm-am-mittwoch-10-juli-1930-uhr\\\/\"},\"wordCount\":186,\"publisher\":{\"@id\":\"https:\\\/\\\/www.frauenpodiumgossau-zh.ch\\\/#organization\"},\"image\":{\"@id\":\"https:\\\/\\\/www.frauenpodiumgossau-zh.ch\\\/index.php\\\/2024\\\/02\\\/14\\\/stamm-am-mittwoch-10-juli-1930-uhr\\\/#primaryimage\"},\"thumbnailUrl\":\"https:\\\/\\\/www.frauenpodiumgossau-zh.ch\\\/wp-content\\\/uploads\\\/2024\\\/05\\\/2024-07-10-VeratmeteRaumluft-WoliegtsProblem-Flyer-1-1024x709.jpg\",\"articleSection\":[\"Veranstaltungen\"],\"inLanguage\":\"de\"},{\"@type\":\"WebPage\",\"@id\":\"https:\\\/\\\/www.frauenpodiumgossau-zh.ch\\\/index.php\\\/2024\\\/02\\\/14\\\/stamm-am-mittwoch-10-juli-1930-uhr\\\/\",\"url\":\"https:\\\/\\\/www.frauenpodiumgossau-zh.ch\\\/index.php\\\/2024\\\/02\\\/14\\\/stamm-am-mittwoch-10-juli-1930-uhr\\\/\",\"name\":\"Stamm Juli 2024 - Politisches Frauenpodium Gossau ZH\",\"isPartOf\":{\"@id\":\"https:\\\/\\\/www.frauenpodiumgossau-zh.ch\\\/#website\"},\"primaryImageOfPage\":{\"@id\":\"https:\\\/\\\/www.frauenpodiumgossau-zh.ch\\\/index.php\\\/2024\\\/02\\\/14\\\/stamm-am-mittwoch-10-juli-1930-uhr\\\/#primaryimage\"},\"image\":{\"@id\":\"https:\\\/\\\/www.frauenpodiumgossau-zh.ch\\\/index.php\\\/2024\\\/02\\\/14\\\/stamm-am-mittwoch-10-juli-1930-uhr\\\/#primaryimage\"},\"thumbnailUrl\":\"https:\\\/\\\/www.frauenpodiumgossau-zh.ch\\\/wp-content\\\/uploads\\\/2024\\\/05\\\/2024-07-10-VeratmeteRaumluft-WoliegtsProblem-Flyer-1-1024x709.jpg\",\"datePublished\":\"2024-02-14T13:00:00+00:00\",\"dateModified\":\"2025-08-22T13:13:33+00:00\",\"breadcrumb\":{\"@id\":\"https:\\\/\\\/www.frauenpodiumgossau-zh.ch\\\/index.php\\\/2024\\\/02\\\/14\\\/stamm-am-mittwoch-10-juli-1930-uhr\\\/#breadcrumb\"},\"inLanguage\":\"de\",\"potentialAction\":[{\"@type\":\"ReadAction\",\"target\":[\"https:\\\/\\\/www.frauenpodiumgossau-zh.ch\\\/index.php\\\/2024\\\/02\\\/14\\\/stamm-am-mittwoch-10-juli-1930-uhr\\\/\"]}]},{\"@type\":\"ImageObject\",\"inLanguage\":\"de\",\"@id\":\"https:\\\/\\\/www.frauenpodiumgossau-zh.ch\\\/index.php\\\/2024\\\/02\\\/14\\\/stamm-am-mittwoch-10-juli-1930-uhr\\\/#primaryimage\",\"url\":\"https:\\\/\\\/www.frauenpodiumgossau-zh.ch\\\/wp-content\\\/uploads\\\/2024\\\/05\\\/2024-07-10-VeratmeteRaumluft-WoliegtsProblem-Flyer-1.jpg\",\"contentUrl\":\"https:\\\/\\\/www.frauenpodiumgossau-zh.ch\\\/wp-content\\\/uploads\\\/2024\\\/05\\\/2024-07-10-VeratmeteRaumluft-WoliegtsProblem-Flyer-1.jpg\",\"width\":1040,\"height\":720},{\"@type\":\"BreadcrumbList\",\"@id\":\"https:\\\/\\\/www.frauenpodiumgossau-zh.ch\\\/index.php\\\/2024\\\/02\\\/14\\\/stamm-am-mittwoch-10-juli-1930-uhr\\\/#breadcrumb\",\"itemListElement\":[{\"@type\":\"ListItem\",\"position\":1,\"name\":\"Startseite\",\"item\":\"https:\\\/\\\/www.frauenpodiumgossau-zh.ch\\\/\"},{\"@type\":\"ListItem\",\"position\":2,\"name\":\"Stamm Juli 2024\"}]},{\"@type\":\"WebSite\",\"@id\":\"https:\\\/\\\/www.frauenpodiumgossau-zh.ch\\\/#website\",\"url\":\"https:\\\/\\\/www.frauenpodiumgossau-zh.ch\\\/\",\"name\":\"Politisches Frauenpodium Gossau ZH\",\"description\":\"Z\u00e4me z Wort cho\",\"publisher\":{\"@id\":\"https:\\\/\\\/www.frauenpodiumgossau-zh.ch\\\/#organization\"},\"potentialAction\":[{\"@type\":\"SearchAction\",\"target\":{\"@type\":\"EntryPoint\",\"urlTemplate\":\"https:\\\/\\\/www.frauenpodiumgossau-zh.ch\\\/?s={search_term_string}\"},\"query-input\":{\"@type\":\"PropertyValueSpecification\",\"valueRequired\":true,\"valueName\":\"search_term_string\"}}],\"inLanguage\":\"de\"},{\"@type\":\"Organization\",\"@id\":\"https:\\\/\\\/www.frauenpodiumgossau-zh.ch\\\/#organization\",\"name\":\"Politisches Frauenpodium Gossau ZH\",\"url\":\"https:\\\/\\\/www.frauenpodiumgossau-zh.ch\\\/\",\"logo\":{\"@type\":\"ImageObject\",\"inLanguage\":\"de\",\"@id\":\"https:\\\/\\\/www.frauenpodiumgossau-zh.ch\\\/#\\\/schema\\\/logo\\\/image\\\/\",\"url\":\"https:\\\/\\\/www.frauenpodiumgossau-zh.ch\\\/wp-content\\\/uploads\\\/2020\\\/01\\\/Frauenpodium-Logo-lila-ohne-Text.jpg\",\"contentUrl\":\"https:\\\/\\\/www.frauenpodiumgossau-zh.ch\\\/wp-content\\\/uploads\\\/2020\\\/01\\\/Frauenpodium-Logo-lila-ohne-Text.jpg\",\"width\":1480,\"height\":1200,\"caption\":\"Politisches Frauenpodium Gossau ZH\"},\"image\":{\"@id\":\"https:\\\/\\\/www.frauenpodiumgossau-zh.ch\\\/#\\\/schema\\\/logo\\\/image\\\/\"}},{\"@type\":\"Person\",\"@id\":\"https:\\\/\\\/www.frauenpodiumgossau-zh.ch\\\/#\\\/schema\\\/person\\\/7e3d71bb4d55ff272302782fa36381b8\",\"name\":\"admin\",\"image\":{\"@type\":\"ImageObject\",\"inLanguage\":\"de\",\"@id\":\"https:\\\/\\\/secure.gravatar.com\\\/avatar\\\/c9ad5a5e75381a98acc7a6f92eeee9d0a51e2541002d70c1dac4691ddb5cab2b?s=96&d=mm&r=g\",\"url\":\"https:\\\/\\\/secure.gravatar.com\\\/avatar\\\/c9ad5a5e75381a98acc7a6f92eeee9d0a51e2541002d70c1dac4691ddb5cab2b?s=96&d=mm&r=g\",\"contentUrl\":\"https:\\\/\\\/secure.gravatar.com\\\/avatar\\\/c9ad5a5e75381a98acc7a6f92eeee9d0a51e2541002d70c1dac4691ddb5cab2b?s=96&d=mm&r=g\",\"caption\":\"admin\"},\"url\":\"https:\\\/\\\/www.frauenpodiumgossau-zh.ch\\\/index.php\\\/author\\\/richard_vvkm1238\\\/\"}]}<\/script>\n<!-- \/ Yoast SEO plugin. -->","yoast_head_json":{"title":"Stamm Juli 2024 - Politisches Frauenpodium Gossau ZH","robots":{"index":"index","follow":"follow","max-snippet":"max-snippet:-1","max-image-preview":"max-image-preview:large","max-video-preview":"max-video-preview:-1"},"canonical":"https:\/\/www.frauenpodiumgossau-zh.ch\/index.php\/2024\/02\/14\/stamm-am-mittwoch-10-juli-1930-uhr\/","og_locale":"de_DE","og_type":"article","og_title":"Stamm Juli 2024 - Politisches Frauenpodium Gossau ZH","og_description":"Veratmete Raumluft: Wo liegt&#8217;s Problem? Einf\u00fchrung: Andrea Hadorn, Erziehungswissenschaftlerin Die Raumluft ist ein Lebensmittel, das die Gesundheit beeinflusst. \u00d6ffentliche R\u00e4ume sollten eine gute Luftqualit\u00e4t haben. Weshalb? &#8211; Darum geht es am Diskussionsanlass unserer Reihe &#8218;Stamm&#8216;. &#8222;Die kostenlose Abluft-Abfuhr in gut ged\u00e4mmten Publikumsr\u00e4umen ist schnell benannt: L\u00fcften. Doch da beginnen erst Probleme: &#8211; Je mehr Menschen &hellip; \u201eStamm Juli 2024\u201c weiterlesen","og_url":"https:\/\/www.frauenpodiumgossau-zh.ch\/index.php\/2024\/02\/14\/stamm-am-mittwoch-10-juli-1930-uhr\/","og_site_name":"Politisches Frauenpodium Gossau ZH","article_published_time":"2024-02-14T13:00:00+00:00","article_modified_time":"2025-08-22T13:13:33+00:00","og_image":[{"width":1040,"height":720,"url":"https:\/\/www.frauenpodiumgossau-zh.ch\/wp-content\/uploads\/2024\/05\/2024-07-10-VeratmeteRaumluft-WoliegtsProblem-Flyer-1.jpg","type":"image\/jpeg"}],"author":"admin","twitter_card":"summary_large_image","twitter_misc":{"Verfasst von":false,"Gesch\u00e4tzte Lesezeit":"1\u00a0Minute"},"schema":{"@context":"https:\/\/schema.org","@graph":[{"@type":"Article","@id":"https:\/\/www.frauenpodiumgossau-zh.ch\/index.php\/2024\/02\/14\/stamm-am-mittwoch-10-juli-1930-uhr\/#article","isPartOf":{"@id":"https:\/\/www.frauenpodiumgossau-zh.ch\/index.php\/2024\/02\/14\/stamm-am-mittwoch-10-juli-1930-uhr\/"},"author":{"name":"admin","@id":"https:\/\/www.frauenpodiumgossau-zh.ch\/#\/schema\/person\/7e3d71bb4d55ff272302782fa36381b8"},"headline":"Stamm Juli 2024","datePublished":"2024-02-14T13:00:00+00:00","dateModified":"2025-08-22T13:13:33+00:00","mainEntityOfPage":{"@id":"https:\/\/www.frauenpodiumgossau-zh.ch\/index.php\/2024\/02\/14\/stamm-am-mittwoch-10-juli-1930-uhr\/"},"wordCount":186,"publisher":{"@id":"https:\/\/www.frauenpodiumgossau-zh.ch\/#organization"},"image":{"@id":"https:\/\/www.frauenpodiumgossau-zh.ch\/index.php\/2024\/02\/14\/stamm-am-mittwoch-10-juli-1930-uhr\/#primaryimage"},"thumbnailUrl":"https:\/\/www.frauenpodiumgossau-zh.ch\/wp-content\/uploads\/2024\/05\/2024-07-10-VeratmeteRaumluft-WoliegtsProblem-Flyer-1-1024x709.jpg","articleSection":["Veranstaltungen"],"inLanguage":"de"},{"@type":"WebPage","@id":"https:\/\/www.frauenpodiumgossau-zh.ch\/index.php\/2024\/02\/14\/stamm-am-mittwoch-10-juli-1930-uhr\/","url":"https:\/\/www.frauenpodiumgossau-zh.ch\/index.php\/2024\/02\/14\/stamm-am-mittwoch-10-juli-1930-uhr\/","name":"Stamm Juli 2024 - Politisches Frauenpodium Gossau ZH","isPartOf":{"@id":"https:\/\/www.frauenpodiumgossau-zh.ch\/#website"},"primaryImageOfPage":{"@id":"https:\/\/www.frauenpodiumgossau-zh.ch\/index.php\/2024\/02\/14\/stamm-am-mittwoch-10-juli-1930-uhr\/#primaryimage"},"image":{"@id":"https:\/\/www.frauenpodiumgossau-zh.ch\/index.php\/2024\/02\/14\/stamm-am-mittwoch-10-juli-1930-uhr\/#primaryimage"},"thumbnailUrl":"https:\/\/www.frauenpodiumgossau-zh.ch\/wp-content\/uploads\/2024\/05\/2024-07-10-VeratmeteRaumluft-WoliegtsProblem-Flyer-1-1024x709.jpg","datePublished":"2024-02-14T13:00:00+00:00","dateModified":"2025-08-22T13:13:33+00:00","breadcrumb":{"@id":"https:\/\/www.frauenpodiumgossau-zh.ch\/index.php\/2024\/02\/14\/stamm-am-mittwoch-10-juli-1930-uhr\/#breadcrumb"},"inLanguage":"de","potentialAction":[{"@type":"ReadAction","target":["https:\/\/www.frauenpodiumgossau-zh.ch\/index.php\/2024\/02\/14\/stamm-am-mittwoch-10-juli-1930-uhr\/"]}]},{"@type":"ImageObject","inLanguage":"de","@id":"https:\/\/www.frauenpodiumgossau-zh.ch\/index.php\/2024\/02\/14\/stamm-am-mittwoch-10-juli-1930-uhr\/#primaryimage","url":"https:\/\/www.frauenpodiumgossau-zh.ch\/wp-content\/uploads\/2024\/05\/2024-07-10-VeratmeteRaumluft-WoliegtsProblem-Flyer-1.jpg","contentUrl":"https:\/\/www.frauenpodiumgossau-zh.ch\/wp-content\/uploads\/2024\/05\/2024-07-10-VeratmeteRaumluft-WoliegtsProblem-Flyer-1.jpg","width":1040,"height":720},{"@type":"BreadcrumbList","@id":"https:\/\/www.frauenpodiumgossau-zh.ch\/index.php\/2024\/02\/14\/stamm-am-mittwoch-10-juli-1930-uhr\/#breadcrumb","itemListElement":[{"@type":"ListItem","position":1,"name":"Startseite","item":"https:\/\/www.frauenpodiumgossau-zh.ch\/"},{"@type":"ListItem","position":2,"name":"Stamm Juli 2024"}]},{"@type":"WebSite","@id":"https:\/\/www.frauenpodiumgossau-zh.ch\/#website","url":"https:\/\/www.frauenpodiumgossau-zh.ch\/","name":"Politisches Frauenpodium Gossau ZH","description":"Z\u00e4me z Wort cho","publisher":{"@id":"https:\/\/www.frauenpodiumgossau-zh.ch\/#organization"},"potentialAction":[{"@type":"SearchAction","target":{"@type":"EntryPoint","urlTemplate":"https:\/\/www.frauenpodiumgossau-zh.ch\/?s={search_term_string}"},"query-input":{"@type":"PropertyValueSpecification","valueRequired":true,"valueName":"search_term_string"}}],"inLanguage":"de"},{"@type":"Organization","@id":"https:\/\/www.frauenpodiumgossau-zh.ch\/#organization","name":"Politisches Frauenpodium Gossau ZH","url":"https:\/\/www.frauenpodiumgossau-zh.ch\/","logo":{"@type":"ImageObject","inLanguage":"de","@id":"https:\/\/www.frauenpodiumgossau-zh.ch\/#\/schema\/logo\/image\/","url":"https:\/\/www.frauenpodiumgossau-zh.ch\/wp-content\/uploads\/2020\/01\/Frauenpodium-Logo-lila-ohne-Text.jpg","contentUrl":"https:\/\/www.frauenpodiumgossau-zh.ch\/wp-content\/uploads\/2020\/01\/Frauenpodium-Logo-lila-ohne-Text.jpg","width":1480,"height":1200,"caption":"Politisches Frauenpodium Gossau ZH"},"image":{"@id":"https:\/\/www.frauenpodiumgossau-zh.ch\/#\/schema\/logo\/image\/"}},{"@type":"Person","@id":"https:\/\/www.frauenpodiumgossau-zh.ch\/#\/schema\/person\/7e3d71bb4d55ff272302782fa36381b8","name":"admin","image":{"@type":"ImageObject","inLanguage":"de","@id":"https:\/\/secure.gravatar.com\/avatar\/c9ad5a5e75381a98acc7a6f92eeee9d0a51e2541002d70c1dac4691ddb5cab2b?s=96&d=mm&r=g","url":"https:\/\/secure.gravatar.com\/avatar\/c9ad5a5e75381a98acc7a6f92eeee9d0a51e2541002d70c1dac4691ddb5cab2b?s=96&d=mm&r=g","contentUrl":"https:\/\/secure.gravatar.com\/avatar\/c9ad5a5e75381a98acc7a6f92eeee9d0a51e2541002d70c1dac4691ddb5cab2b?s=96&d=mm&r=g","caption":"admin"},"url":"https:\/\/www.frauenpodiumgossau-zh.ch\/index.php\/author\/richard_vvkm1238\/"}]}},"_links":{"self":[{"href":"https:\/\/www.frauenpodiumgossau-zh.ch\/index.php\/wp-json\/wp\/v2\/posts\/774","targetHints":{"allow":["GET"]}}],"collection":[{"href":"https:\/\/www.frauenpodiumgossau-zh.ch\/index.php\/wp-json\/wp\/v2\/posts"}],"about":[{"href":"https:\/\/www.frauenpodiumgossau-zh.ch\/index.php\/wp-json\/wp\/v2\/types\/post"}],"author":[{"embeddable":true,"href":"https:\/\/www.frauenpodiumgossau-zh.ch\/index.php\/wp-json\/wp\/v2\/users\/1"}],"replies":[{"embeddable":true,"href":"https:\/\/www.frauenpodiumgossau-zh.ch\/index.php\/wp-json\/wp\/v2\/comments?post=774"}],"version-history":[{"count":8,"href":"https:\/\/www.frauenpodiumgossau-zh.ch\/index.php\/wp-json\/wp\/v2\/posts\/774\/revisions"}],"predecessor-version":[{"id":1052,"href":"https:\/\/www.frauenpodiumgossau-zh.ch\/index.php\/wp-json\/wp\/v2\/posts\/774\/revisions\/1052"}],"wp:attachment":[{"href":"https:\/\/www.frauenpodiumgossau-zh.ch\/index.php\/wp-json\/wp\/v2\/media?parent=774"}],"wp:term":[{"taxonomy":"category","embeddable":true,"href":"https:\/\/www.frauenpodiumgossau-zh.ch\/index.php\/wp-json\/wp\/v2\/categories?post=774"},{"taxonomy":"post_tag","embeddable":true,"href":"https:\/\/www.frauenpodiumgossau-zh.ch\/index.php\/wp-json\/wp\/v2\/tags?post=774"}],"curies":[{"name":"wp","href":"https:\/\/api.w.org\/{rel}","templated":true}]}}