{"id":882,"date":"2024-12-24T12:38:29","date_gmt":"2024-12-24T12:38:29","guid":{"rendered":"https:\/\/www.frauenpodiumgossau-zh.ch\/?p=882"},"modified":"2025-08-22T13:36:46","modified_gmt":"2025-08-22T13:36:46","slug":"frohe-festtage-und-ein-gutes-neues-jahr","status":"publish","type":"post","link":"https:\/\/www.frauenpodiumgossau-zh.ch\/index.php\/2024\/12\/24\/frohe-festtage-und-ein-gutes-neues-jahr\/","title":{"rendered":"Frohe Festtage und ein gutes Neues Jahr"},"content":{"rendered":"\n<figure class=\"wp-block-image size-large\"><img loading=\"lazy\" decoding=\"async\" width=\"683\" height=\"1024\" src=\"https:\/\/www.frauenpodiumgossau-zh.ch\/wp-content\/uploads\/2023\/12\/chuttersnap-zoD99vQtkUk-unsplash-683x1024.jpg\" alt=\"\" class=\"wp-image-751\" srcset=\"https:\/\/www.frauenpodiumgossau-zh.ch\/wp-content\/uploads\/2023\/12\/chuttersnap-zoD99vQtkUk-unsplash-683x1024.jpg 683w, https:\/\/www.frauenpodiumgossau-zh.ch\/wp-content\/uploads\/2023\/12\/chuttersnap-zoD99vQtkUk-unsplash-200x300.jpg 200w, https:\/\/www.frauenpodiumgossau-zh.ch\/wp-content\/uploads\/2023\/12\/chuttersnap-zoD99vQtkUk-unsplash-768x1152.jpg 768w, https:\/\/www.frauenpodiumgossau-zh.ch\/wp-content\/uploads\/2023\/12\/chuttersnap-zoD99vQtkUk-unsplash-1024x1536.jpg 1024w, https:\/\/www.frauenpodiumgossau-zh.ch\/wp-content\/uploads\/2023\/12\/chuttersnap-zoD99vQtkUk-unsplash-1365x2048.jpg 1365w, https:\/\/www.frauenpodiumgossau-zh.ch\/wp-content\/uploads\/2023\/12\/chuttersnap-zoD99vQtkUk-unsplash-scaled.jpg 1707w\" sizes=\"auto, (max-width: 683px) 100vw, 683px\" \/><\/figure>\n\n\n\n<p class=\"wp-block-paragraph\">Vielen Dank f\u00fcr eure Mitgliedschaft, euer Interesse und euren Einkauf an unserem Stand am Weihnachtsmarkt f\u00fcr gute Zwecke!<\/p>\n\n\n\n<h4 class=\"wp-block-heading\">Unser n\u00e4chstes Treffen ist die Mitgliederversammlung am Dienstag, 25. M\u00e4rz 2025 um 19:30 Uhr in Gossau. Der Ort wird noch bekanntgegeben.<\/h4>\n","protected":false},"excerpt":{"rendered":"<p>Vielen Dank f\u00fcr eure Mitgliedschaft, euer Interesse und euren Einkauf an unserem Stand am Weihnachtsmarkt f\u00fcr gute Zwecke! Unser n\u00e4chstes Treffen ist die Mitgliederversammlung am Dienstag, 25. M\u00e4rz 2025 um 19:30 Uhr in Gossau. Der Ort wird noch bekanntgegeben.<\/p>\n","protected":false},"author":1,"featured_media":0,"comment_status":"closed","ping_status":"open","sticky":false,"template":"","format":"standard","meta":{"footnotes":""},"categories":[7],"tags":[],"class_list":["post-882","post","type-post","status-publish","format-standard","hentry","category-news"],"yoast_head":"<!-- This site is optimized with the Yoast SEO plugin v27.7 - https:\/\/yoast.com\/product\/yoast-seo-wordpress\/ -->\n<title>Frohe Festtage und ein gutes Neues Jahr - Politisches Frauenpodium Gossau ZH<\/title>\n<meta name=\"robots\" content=\"index, follow, max-snippet:-1, max-image-preview:large, max-video-preview:-1\" \/>\n<link rel=\"canonical\" href=\"https:\/\/www.frauenpodiumgossau-zh.ch\/index.php\/2024\/12\/24\/frohe-festtage-und-ein-gutes-neues-jahr\/\" \/>\n<meta property=\"og:locale\" content=\"de_DE\" \/>\n<meta property=\"og:type\" content=\"article\" \/>\n<meta property=\"og:title\" content=\"Frohe Festtage und ein gutes Neues Jahr - Politisches Frauenpodium Gossau ZH\" \/>\n<meta property=\"og:description\" content=\"Vielen Dank f\u00fcr eure Mitgliedschaft, euer Interesse und euren Einkauf an unserem Stand am Weihnachtsmarkt f\u00fcr gute Zwecke! Unser n\u00e4chstes Treffen ist die Mitgliederversammlung am Dienstag, 25. M\u00e4rz 2025 um 19:30 Uhr in Gossau. Der Ort wird noch bekanntgegeben.\" \/>\n<meta property=\"og:url\" content=\"https:\/\/www.frauenpodiumgossau-zh.ch\/index.php\/2024\/12\/24\/frohe-festtage-und-ein-gutes-neues-jahr\/\" \/>\n<meta property=\"og:site_name\" content=\"Politisches Frauenpodium Gossau ZH\" \/>\n<meta property=\"article:published_time\" content=\"2024-12-24T12:38:29+00:00\" \/>\n<meta property=\"article:modified_time\" content=\"2025-08-22T13:36:46+00:00\" \/>\n<meta property=\"og:image\" content=\"https:\/\/www.frauenpodiumgossau-zh.ch\/wp-content\/uploads\/2023\/12\/chuttersnap-zoD99vQtkUk-unsplash-scaled.jpg\" \/>\n\t<meta property=\"og:image:width\" content=\"1707\" \/>\n\t<meta property=\"og:image:height\" content=\"2560\" \/>\n\t<meta property=\"og:image:type\" content=\"image\/jpeg\" \/>\n<meta name=\"author\" content=\"admin\" \/>\n<meta name=\"twitter:card\" content=\"summary_large_image\" \/>\n<meta name=\"twitter:label1\" content=\"Verfasst von\" \/>\n\t<meta name=\"twitter:data1\" content=\"\" \/>\n<script type=\"application\/ld+json\" class=\"yoast-schema-graph\">{\"@context\":\"https:\\\/\\\/schema.org\",\"@graph\":[{\"@type\":\"Article\",\"@id\":\"https:\\\/\\\/www.frauenpodiumgossau-zh.ch\\\/index.php\\\/2024\\\/12\\\/24\\\/frohe-festtage-und-ein-gutes-neues-jahr\\\/#article\",\"isPartOf\":{\"@id\":\"https:\\\/\\\/www.frauenpodiumgossau-zh.ch\\\/index.php\\\/2024\\\/12\\\/24\\\/frohe-festtage-und-ein-gutes-neues-jahr\\\/\"},\"author\":{\"name\":\"admin\",\"@id\":\"https:\\\/\\\/www.frauenpodiumgossau-zh.ch\\\/#\\\/schema\\\/person\\\/7e3d71bb4d55ff272302782fa36381b8\"},\"headline\":\"Frohe Festtage und ein gutes Neues Jahr\",\"datePublished\":\"2024-12-24T12:38:29+00:00\",\"dateModified\":\"2025-08-22T13:36:46+00:00\",\"mainEntityOfPage\":{\"@id\":\"https:\\\/\\\/www.frauenpodiumgossau-zh.ch\\\/index.php\\\/2024\\\/12\\\/24\\\/frohe-festtage-und-ein-gutes-neues-jahr\\\/\"},\"wordCount\":47,\"publisher\":{\"@id\":\"https:\\\/\\\/www.frauenpodiumgossau-zh.ch\\\/#organization\"},\"image\":{\"@id\":\"https:\\\/\\\/www.frauenpodiumgossau-zh.ch\\\/index.php\\\/2024\\\/12\\\/24\\\/frohe-festtage-und-ein-gutes-neues-jahr\\\/#primaryimage\"},\"thumbnailUrl\":\"https:\\\/\\\/www.frauenpodiumgossau-zh.ch\\\/wp-content\\\/uploads\\\/2023\\\/12\\\/chuttersnap-zoD99vQtkUk-unsplash-683x1024.jpg\",\"articleSection\":[\"News\"],\"inLanguage\":\"de\"},{\"@type\":\"WebPage\",\"@id\":\"https:\\\/\\\/www.frauenpodiumgossau-zh.ch\\\/index.php\\\/2024\\\/12\\\/24\\\/frohe-festtage-und-ein-gutes-neues-jahr\\\/\",\"url\":\"https:\\\/\\\/www.frauenpodiumgossau-zh.ch\\\/index.php\\\/2024\\\/12\\\/24\\\/frohe-festtage-und-ein-gutes-neues-jahr\\\/\",\"name\":\"Frohe Festtage und ein gutes Neues Jahr - Politisches Frauenpodium Gossau ZH\",\"isPartOf\":{\"@id\":\"https:\\\/\\\/www.frauenpodiumgossau-zh.ch\\\/#website\"},\"primaryImageOfPage\":{\"@id\":\"https:\\\/\\\/www.frauenpodiumgossau-zh.ch\\\/index.php\\\/2024\\\/12\\\/24\\\/frohe-festtage-und-ein-gutes-neues-jahr\\\/#primaryimage\"},\"image\":{\"@id\":\"https:\\\/\\\/www.frauenpodiumgossau-zh.ch\\\/index.php\\\/2024\\\/12\\\/24\\\/frohe-festtage-und-ein-gutes-neues-jahr\\\/#primaryimage\"},\"thumbnailUrl\":\"https:\\\/\\\/www.frauenpodiumgossau-zh.ch\\\/wp-content\\\/uploads\\\/2023\\\/12\\\/chuttersnap-zoD99vQtkUk-unsplash-683x1024.jpg\",\"datePublished\":\"2024-12-24T12:38:29+00:00\",\"dateModified\":\"2025-08-22T13:36:46+00:00\",\"breadcrumb\":{\"@id\":\"https:\\\/\\\/www.frauenpodiumgossau-zh.ch\\\/index.php\\\/2024\\\/12\\\/24\\\/frohe-festtage-und-ein-gutes-neues-jahr\\\/#breadcrumb\"},\"inLanguage\":\"de\",\"potentialAction\":[{\"@type\":\"ReadAction\",\"target\":[\"https:\\\/\\\/www.frauenpodiumgossau-zh.ch\\\/index.php\\\/2024\\\/12\\\/24\\\/frohe-festtage-und-ein-gutes-neues-jahr\\\/\"]}]},{\"@type\":\"ImageObject\",\"inLanguage\":\"de\",\"@id\":\"https:\\\/\\\/www.frauenpodiumgossau-zh.ch\\\/index.php\\\/2024\\\/12\\\/24\\\/frohe-festtage-und-ein-gutes-neues-jahr\\\/#primaryimage\",\"url\":\"https:\\\/\\\/www.frauenpodiumgossau-zh.ch\\\/wp-content\\\/uploads\\\/2023\\\/12\\\/chuttersnap-zoD99vQtkUk-unsplash-scaled.jpg\",\"contentUrl\":\"https:\\\/\\\/www.frauenpodiumgossau-zh.ch\\\/wp-content\\\/uploads\\\/2023\\\/12\\\/chuttersnap-zoD99vQtkUk-unsplash-scaled.jpg\",\"width\":1707,\"height\":2560},{\"@type\":\"BreadcrumbList\",\"@id\":\"https:\\\/\\\/www.frauenpodiumgossau-zh.ch\\\/index.php\\\/2024\\\/12\\\/24\\\/frohe-festtage-und-ein-gutes-neues-jahr\\\/#breadcrumb\",\"itemListElement\":[{\"@type\":\"ListItem\",\"position\":1,\"name\":\"Startseite\",\"item\":\"https:\\\/\\\/www.frauenpodiumgossau-zh.ch\\\/\"},{\"@type\":\"ListItem\",\"position\":2,\"name\":\"Frohe Festtage und ein gutes Neues Jahr\"}]},{\"@type\":\"WebSite\",\"@id\":\"https:\\\/\\\/www.frauenpodiumgossau-zh.ch\\\/#website\",\"url\":\"https:\\\/\\\/www.frauenpodiumgossau-zh.ch\\\/\",\"name\":\"Politisches Frauenpodium Gossau ZH\",\"description\":\"Z\u00e4me z Wort cho\",\"publisher\":{\"@id\":\"https:\\\/\\\/www.frauenpodiumgossau-zh.ch\\\/#organization\"},\"potentialAction\":[{\"@type\":\"SearchAction\",\"target\":{\"@type\":\"EntryPoint\",\"urlTemplate\":\"https:\\\/\\\/www.frauenpodiumgossau-zh.ch\\\/?s={search_term_string}\"},\"query-input\":{\"@type\":\"PropertyValueSpecification\",\"valueRequired\":true,\"valueName\":\"search_term_string\"}}],\"inLanguage\":\"de\"},{\"@type\":\"Organization\",\"@id\":\"https:\\\/\\\/www.frauenpodiumgossau-zh.ch\\\/#organization\",\"name\":\"Politisches Frauenpodium Gossau ZH\",\"url\":\"https:\\\/\\\/www.frauenpodiumgossau-zh.ch\\\/\",\"logo\":{\"@type\":\"ImageObject\",\"inLanguage\":\"de\",\"@id\":\"https:\\\/\\\/www.frauenpodiumgossau-zh.ch\\\/#\\\/schema\\\/logo\\\/image\\\/\",\"url\":\"https:\\\/\\\/www.frauenpodiumgossau-zh.ch\\\/wp-content\\\/uploads\\\/2020\\\/01\\\/Frauenpodium-Logo-lila-ohne-Text.jpg\",\"contentUrl\":\"https:\\\/\\\/www.frauenpodiumgossau-zh.ch\\\/wp-content\\\/uploads\\\/2020\\\/01\\\/Frauenpodium-Logo-lila-ohne-Text.jpg\",\"width\":1480,\"height\":1200,\"caption\":\"Politisches Frauenpodium Gossau ZH\"},\"image\":{\"@id\":\"https:\\\/\\\/www.frauenpodiumgossau-zh.ch\\\/#\\\/schema\\\/logo\\\/image\\\/\"}},{\"@type\":\"Person\",\"@id\":\"https:\\\/\\\/www.frauenpodiumgossau-zh.ch\\\/#\\\/schema\\\/person\\\/7e3d71bb4d55ff272302782fa36381b8\",\"name\":\"admin\",\"image\":{\"@type\":\"ImageObject\",\"inLanguage\":\"de\",\"@id\":\"https:\\\/\\\/secure.gravatar.com\\\/avatar\\\/c9ad5a5e75381a98acc7a6f92eeee9d0a51e2541002d70c1dac4691ddb5cab2b?s=96&d=mm&r=g\",\"url\":\"https:\\\/\\\/secure.gravatar.com\\\/avatar\\\/c9ad5a5e75381a98acc7a6f92eeee9d0a51e2541002d70c1dac4691ddb5cab2b?s=96&d=mm&r=g\",\"contentUrl\":\"https:\\\/\\\/secure.gravatar.com\\\/avatar\\\/c9ad5a5e75381a98acc7a6f92eeee9d0a51e2541002d70c1dac4691ddb5cab2b?s=96&d=mm&r=g\",\"caption\":\"admin\"},\"url\":\"https:\\\/\\\/www.frauenpodiumgossau-zh.ch\\\/index.php\\\/author\\\/richard_vvkm1238\\\/\"}]}<\/script>\n<!-- \/ Yoast SEO plugin. -->","yoast_head_json":{"title":"Frohe Festtage und ein gutes Neues Jahr - Politisches Frauenpodium Gossau ZH","robots":{"index":"index","follow":"follow","max-snippet":"max-snippet:-1","max-image-preview":"max-image-preview:large","max-video-preview":"max-video-preview:-1"},"canonical":"https:\/\/www.frauenpodiumgossau-zh.ch\/index.php\/2024\/12\/24\/frohe-festtage-und-ein-gutes-neues-jahr\/","og_locale":"de_DE","og_type":"article","og_title":"Frohe Festtage und ein gutes Neues Jahr - Politisches Frauenpodium Gossau ZH","og_description":"Vielen Dank f\u00fcr eure Mitgliedschaft, euer Interesse und euren Einkauf an unserem Stand am Weihnachtsmarkt f\u00fcr gute Zwecke! Unser n\u00e4chstes Treffen ist die Mitgliederversammlung am Dienstag, 25. M\u00e4rz 2025 um 19:30 Uhr in Gossau. Der Ort wird noch bekanntgegeben.","og_url":"https:\/\/www.frauenpodiumgossau-zh.ch\/index.php\/2024\/12\/24\/frohe-festtage-und-ein-gutes-neues-jahr\/","og_site_name":"Politisches Frauenpodium Gossau ZH","article_published_time":"2024-12-24T12:38:29+00:00","article_modified_time":"2025-08-22T13:36:46+00:00","og_image":[{"width":1707,"height":2560,"url":"https:\/\/www.frauenpodiumgossau-zh.ch\/wp-content\/uploads\/2023\/12\/chuttersnap-zoD99vQtkUk-unsplash-scaled.jpg","type":"image\/jpeg"}],"author":"admin","twitter_card":"summary_large_image","twitter_misc":{"Verfasst von":false},"schema":{"@context":"https:\/\/schema.org","@graph":[{"@type":"Article","@id":"https:\/\/www.frauenpodiumgossau-zh.ch\/index.php\/2024\/12\/24\/frohe-festtage-und-ein-gutes-neues-jahr\/#article","isPartOf":{"@id":"https:\/\/www.frauenpodiumgossau-zh.ch\/index.php\/2024\/12\/24\/frohe-festtage-und-ein-gutes-neues-jahr\/"},"author":{"name":"admin","@id":"https:\/\/www.frauenpodiumgossau-zh.ch\/#\/schema\/person\/7e3d71bb4d55ff272302782fa36381b8"},"headline":"Frohe Festtage und ein gutes Neues Jahr","datePublished":"2024-12-24T12:38:29+00:00","dateModified":"2025-08-22T13:36:46+00:00","mainEntityOfPage":{"@id":"https:\/\/www.frauenpodiumgossau-zh.ch\/index.php\/2024\/12\/24\/frohe-festtage-und-ein-gutes-neues-jahr\/"},"wordCount":47,"publisher":{"@id":"https:\/\/www.frauenpodiumgossau-zh.ch\/#organization"},"image":{"@id":"https:\/\/www.frauenpodiumgossau-zh.ch\/index.php\/2024\/12\/24\/frohe-festtage-und-ein-gutes-neues-jahr\/#primaryimage"},"thumbnailUrl":"https:\/\/www.frauenpodiumgossau-zh.ch\/wp-content\/uploads\/2023\/12\/chuttersnap-zoD99vQtkUk-unsplash-683x1024.jpg","articleSection":["News"],"inLanguage":"de"},{"@type":"WebPage","@id":"https:\/\/www.frauenpodiumgossau-zh.ch\/index.php\/2024\/12\/24\/frohe-festtage-und-ein-gutes-neues-jahr\/","url":"https:\/\/www.frauenpodiumgossau-zh.ch\/index.php\/2024\/12\/24\/frohe-festtage-und-ein-gutes-neues-jahr\/","name":"Frohe Festtage und ein gutes Neues Jahr - Politisches Frauenpodium Gossau ZH","isPartOf":{"@id":"https:\/\/www.frauenpodiumgossau-zh.ch\/#website"},"primaryImageOfPage":{"@id":"https:\/\/www.frauenpodiumgossau-zh.ch\/index.php\/2024\/12\/24\/frohe-festtage-und-ein-gutes-neues-jahr\/#primaryimage"},"image":{"@id":"https:\/\/www.frauenpodiumgossau-zh.ch\/index.php\/2024\/12\/24\/frohe-festtage-und-ein-gutes-neues-jahr\/#primaryimage"},"thumbnailUrl":"https:\/\/www.frauenpodiumgossau-zh.ch\/wp-content\/uploads\/2023\/12\/chuttersnap-zoD99vQtkUk-unsplash-683x1024.jpg","datePublished":"2024-12-24T12:38:29+00:00","dateModified":"2025-08-22T13:36:46+00:00","breadcrumb":{"@id":"https:\/\/www.frauenpodiumgossau-zh.ch\/index.php\/2024\/12\/24\/frohe-festtage-und-ein-gutes-neues-jahr\/#breadcrumb"},"inLanguage":"de","potentialAction":[{"@type":"ReadAction","target":["https:\/\/www.frauenpodiumgossau-zh.ch\/index.php\/2024\/12\/24\/frohe-festtage-und-ein-gutes-neues-jahr\/"]}]},{"@type":"ImageObject","inLanguage":"de","@id":"https:\/\/www.frauenpodiumgossau-zh.ch\/index.php\/2024\/12\/24\/frohe-festtage-und-ein-gutes-neues-jahr\/#primaryimage","url":"https:\/\/www.frauenpodiumgossau-zh.ch\/wp-content\/uploads\/2023\/12\/chuttersnap-zoD99vQtkUk-unsplash-scaled.jpg","contentUrl":"https:\/\/www.frauenpodiumgossau-zh.ch\/wp-content\/uploads\/2023\/12\/chuttersnap-zoD99vQtkUk-unsplash-scaled.jpg","width":1707,"height":2560},{"@type":"BreadcrumbList","@id":"https:\/\/www.frauenpodiumgossau-zh.ch\/index.php\/2024\/12\/24\/frohe-festtage-und-ein-gutes-neues-jahr\/#breadcrumb","itemListElement":[{"@type":"ListItem","position":1,"name":"Startseite","item":"https:\/\/www.frauenpodiumgossau-zh.ch\/"},{"@type":"ListItem","position":2,"name":"Frohe Festtage und ein gutes Neues Jahr"}]},{"@type":"WebSite","@id":"https:\/\/www.frauenpodiumgossau-zh.ch\/#website","url":"https:\/\/www.frauenpodiumgossau-zh.ch\/","name":"Politisches Frauenpodium Gossau ZH","description":"Z\u00e4me z Wort cho","publisher":{"@id":"https:\/\/www.frauenpodiumgossau-zh.ch\/#organization"},"potentialAction":[{"@type":"SearchAction","target":{"@type":"EntryPoint","urlTemplate":"https:\/\/www.frauenpodiumgossau-zh.ch\/?s={search_term_string}"},"query-input":{"@type":"PropertyValueSpecification","valueRequired":true,"valueName":"search_term_string"}}],"inLanguage":"de"},{"@type":"Organization","@id":"https:\/\/www.frauenpodiumgossau-zh.ch\/#organization","name":"Politisches Frauenpodium Gossau ZH","url":"https:\/\/www.frauenpodiumgossau-zh.ch\/","logo":{"@type":"ImageObject","inLanguage":"de","@id":"https:\/\/www.frauenpodiumgossau-zh.ch\/#\/schema\/logo\/image\/","url":"https:\/\/www.frauenpodiumgossau-zh.ch\/wp-content\/uploads\/2020\/01\/Frauenpodium-Logo-lila-ohne-Text.jpg","contentUrl":"https:\/\/www.frauenpodiumgossau-zh.ch\/wp-content\/uploads\/2020\/01\/Frauenpodium-Logo-lila-ohne-Text.jpg","width":1480,"height":1200,"caption":"Politisches Frauenpodium Gossau ZH"},"image":{"@id":"https:\/\/www.frauenpodiumgossau-zh.ch\/#\/schema\/logo\/image\/"}},{"@type":"Person","@id":"https:\/\/www.frauenpodiumgossau-zh.ch\/#\/schema\/person\/7e3d71bb4d55ff272302782fa36381b8","name":"admin","image":{"@type":"ImageObject","inLanguage":"de","@id":"https:\/\/secure.gravatar.com\/avatar\/c9ad5a5e75381a98acc7a6f92eeee9d0a51e2541002d70c1dac4691ddb5cab2b?s=96&d=mm&r=g","url":"https:\/\/secure.gravatar.com\/avatar\/c9ad5a5e75381a98acc7a6f92eeee9d0a51e2541002d70c1dac4691ddb5cab2b?s=96&d=mm&r=g","contentUrl":"https:\/\/secure.gravatar.com\/avatar\/c9ad5a5e75381a98acc7a6f92eeee9d0a51e2541002d70c1dac4691ddb5cab2b?s=96&d=mm&r=g","caption":"admin"},"url":"https:\/\/www.frauenpodiumgossau-zh.ch\/index.php\/author\/richard_vvkm1238\/"}]}},"_links":{"self":[{"href":"https:\/\/www.frauenpodiumgossau-zh.ch\/index.php\/wp-json\/wp\/v2\/posts\/882","targetHints":{"allow":["GET"]}}],"collection":[{"href":"https:\/\/www.frauenpodiumgossau-zh.ch\/index.php\/wp-json\/wp\/v2\/posts"}],"about":[{"href":"https:\/\/www.frauenpodiumgossau-zh.ch\/index.php\/wp-json\/wp\/v2\/types\/post"}],"author":[{"embeddable":true,"href":"https:\/\/www.frauenpodiumgossau-zh.ch\/index.php\/wp-json\/wp\/v2\/users\/1"}],"replies":[{"embeddable":true,"href":"https:\/\/www.frauenpodiumgossau-zh.ch\/index.php\/wp-json\/wp\/v2\/comments?post=882"}],"version-history":[{"count":2,"href":"https:\/\/www.frauenpodiumgossau-zh.ch\/index.php\/wp-json\/wp\/v2\/posts\/882\/revisions"}],"predecessor-version":[{"id":885,"href":"https:\/\/www.frauenpodiumgossau-zh.ch\/index.php\/wp-json\/wp\/v2\/posts\/882\/revisions\/885"}],"wp:attachment":[{"href":"https:\/\/www.frauenpodiumgossau-zh.ch\/index.php\/wp-json\/wp\/v2\/media?parent=882"}],"wp:term":[{"taxonomy":"category","embeddable":true,"href":"https:\/\/www.frauenpodiumgossau-zh.ch\/index.php\/wp-json\/wp\/v2\/categories?post=882"},{"taxonomy":"post_tag","embeddable":true,"href":"https:\/\/www.frauenpodiumgossau-zh.ch\/index.php\/wp-json\/wp\/v2\/tags?post=882"}],"curies":[{"name":"wp","href":"https:\/\/api.w.org\/{rel}","templated":true}]}}